{"id":9938,"date":"2022-10-12T01:26:04","date_gmt":"2022-10-12T01:26:04","guid":{"rendered":"https:\/\/reflejodemichoacan.com\/?p=9938"},"modified":"2022-10-12T01:26:18","modified_gmt":"2022-10-12T01:26:18","slug":"instruye-julio-arreola-a-gabinete-municipal-brindar-atencion-en-ajuno","status":"publish","type":"post","link":"https:\/\/reflejodemichoacan.com\/index.php\/2022\/10\/12\/instruye-julio-arreola-a-gabinete-municipal-brindar-atencion-en-ajuno\/","title":{"rendered":"Instruye Julio Arreola a gabinete municipal, brindar atenci\u00f3n en Ajuno"},"content":{"rendered":"\n<p>\u2022 Parte del gabinete municipal se traslad\u00f3 a la localidad para atender sus necesidades de manera personal.<\/p>\n\n\n\n<p>P\u00e1tzcuaro, Michoac\u00e1n., a 11 de octubre del 2021.- Luego de sostener una reuni\u00f3n con habitantes de la comunidad de Ajuno este lunes, el presidente municipal de P\u00e1tzcuaro, Julio Arreola V\u00e1zquez, instruy\u00f3 al gabinete municipal atender las necesidades y demandas de la poblaci\u00f3n de la localidad; al se\u00f1alar que siempre ser\u00e1 una prioridad dar soluci\u00f3n inmediata a los temas m\u00e1s urgentes y establecer acciones para dar respuesta a los que pueden ser atendidos a un plazo m\u00e1s largo.<\/p>\n\n\n\n<p>Al siguiente d\u00eda el personal del Ayuntamiento de P\u00e1tzcuaro por orden del alcalde, Julio Arreola V\u00e1zquez, efectu\u00f3 un recorrido y visit\u00f3 a la telesecundaria de la localidad, as\u00ed como Unidad M\u00e9dica Rural Ajuno del Programa IMSS donde se brinda atenci\u00f3n de primer nivel en prevenci\u00f3n de adicciones, exploraci\u00f3n de mama, control de embarazo, m\u00e9todos anticonceptivos, prevenci\u00f3n de sexualidad, estimulaci\u00f3n temprana, se identificaron entre las necesidades un calentador solar, piso, y mantenimiento de instalaciones por cuarteaduras en las paredes y se pondr\u00e1 en marcha la Jornada Integral de Salud.<\/p>\n\n\n\n<p>Asimismo, se realiz\u00f3 una visita a la primaria Juan Delgado y la escuela preescolar, Francisco Gabilondo Soler, para atender las necesidades de las instituciones educativas, ah\u00ed encabez\u00f3 la supervisi\u00f3n la regidora de Educaci\u00f3n y la Mujer, Erika Tinoco Tovar; el secretario de Salud, Educaci\u00f3n, Juventud y Deportes, Rub\u00e9n Rodr\u00edguez Leal; la directora de Educaci\u00f3n, Mayra Adriana Reyes Granados; la directora de Obras P\u00fablicas; Sara Pilar Tzintzun Flores.\u00a0<\/p>\n\n\n\n<p>La comunidad pidi\u00f3 la revisi\u00f3n de la red de agua potable; el director del Organismo Operador de Agua Potable, Alcantarillado y Saneamiento del municipio (Ooapas), Benito Trujillo S\u00e1nchez, se dio cita para revisar la red de distribuci\u00f3n, as\u00ed como los dos tanques y el pozo de agua para su rehabilitaci\u00f3n.\u00a0<\/p>\n\n\n\n<p>En el tema de seguridad, iniciaron los recorridos y se estableci\u00f3 l\u00ednea directa para la atenci\u00f3n con la comunidad, a la par se implement\u00f3 el Programa Nacional Mujeres Constructoras de la Paz de P\u00e1tzcuaro, que tiene como principal objetivo disminuir la incidencia de violencia de g\u00e9nero en el municipio.<\/p>\n\n\n\n<p>Otra de las inquietudes fue la regulaci\u00f3n de la venta inmoderada de alcohol, la directora de Reglamentos, Magnolia Ch\u00e1vez Galv\u00e1n, acudi\u00f3 a la localidad y revis\u00f3 que todas las tiendas contar\u00e1n con sus permisos y record\u00f3 los due\u00f1os de establecimientos los horarios de venta.\u00a0 Por otra parte, la Direcci\u00f3n de Alumbrado P\u00fablico revis\u00f3 la iluminaci\u00f3n de la calle principal, as\u00ed como los trabajos previos a la instalaci\u00f3n de otras l\u00e1mparas que se necesitan para tener una calle con alumbrada y segura.<\/p>\n","protected":false},"excerpt":{"rendered":"<p>\u2022 Parte del gabinete municipal se traslad\u00f3 a la localidad para atender sus necesidades de manera personal. P\u00e1tzcuaro, Michoac\u00e1n., a 11 de octubre del 2021.- Luego de sostener una reuni\u00f3n con habitantes de la comunidad de Ajuno este lunes, el presidente municipal de P\u00e1tzcuaro, Julio Arreola V\u00e1zquez, instruy\u00f3 al gabinete municipal atender las necesidades y [&hellip;]<\/p>\n","protected":false},"author":1,"featured_media":9939,"comment_status":"open","ping_status":"closed","sticky":false,"template":"","format":"standard","meta":[],"categories":[1],"tags":[],"yoast_head":"<!-- This site is optimized with the Yoast SEO plugin v17.9 - https:\/\/yoast.com\/wordpress\/plugins\/seo\/ -->\n<title>Instruye Julio Arreola a gabinete municipal, brindar atenci\u00f3n en Ajuno - Reflejo de Michoac\u00e1n<\/title>\n<meta name=\"robots\" content=\"index, follow, max-snippet:-1, max-image-preview:large, max-video-preview:-1\" \/>\n<link rel=\"canonical\" href=\"https:\/\/reflejodemichoacan.com\/index.php\/2022\/10\/12\/instruye-julio-arreola-a-gabinete-municipal-brindar-atencion-en-ajuno\/\" \/>\n<meta property=\"og:locale\" content=\"es_MX\" \/>\n<meta property=\"og:type\" content=\"article\" \/>\n<meta property=\"og:title\" content=\"Instruye Julio Arreola a gabinete municipal, brindar atenci\u00f3n en Ajuno - Reflejo de Michoac\u00e1n\" \/>\n<meta property=\"og:description\" content=\"\u2022 Parte del gabinete municipal se traslad\u00f3 a la localidad para atender sus necesidades de manera personal. P\u00e1tzcuaro, Michoac\u00e1n., a 11 de octubre del 2021.- Luego de sostener una reuni\u00f3n con habitantes de la comunidad de Ajuno este lunes, el presidente municipal de P\u00e1tzcuaro, Julio Arreola V\u00e1zquez, instruy\u00f3 al gabinete municipal atender las necesidades y [&hellip;]\" \/>\n<meta property=\"og:url\" content=\"https:\/\/reflejodemichoacan.com\/index.php\/2022\/10\/12\/instruye-julio-arreola-a-gabinete-municipal-brindar-atencion-en-ajuno\/\" \/>\n<meta property=\"og:site_name\" content=\"Reflejo de Michoac\u00e1n\" \/>\n<meta property=\"article:published_time\" content=\"2022-10-12T01:26:04+00:00\" \/>\n<meta property=\"article:modified_time\" content=\"2022-10-12T01:26:18+00:00\" \/>\n<meta property=\"og:image\" content=\"https:\/\/reflejodemichoacan.com\/wp-content\/uploads\/2022\/10\/INSTRUYEN.jpg\" \/>\n\t<meta property=\"og:image:width\" content=\"1600\" \/>\n\t<meta property=\"og:image:height\" content=\"1200\" \/>\n\t<meta property=\"og:image:type\" content=\"image\/jpeg\" \/>\n<meta name=\"twitter:card\" content=\"summary_large_image\" \/>\n<meta name=\"twitter:label1\" content=\"Escrito por\" \/>\n\t<meta name=\"twitter:data1\" content=\"Aurora\" \/>\n\t<meta name=\"twitter:label2\" content=\"Tiempo de lectura\" \/>\n\t<meta name=\"twitter:data2\" content=\"2 minutos\" \/>\n<script type=\"application\/ld+json\" class=\"yoast-schema-graph\">{\"@context\":\"https:\/\/schema.org\",\"@graph\":[{\"@type\":\"WebSite\",\"@id\":\"https:\/\/reflejodemichoacan.com\/#website\",\"url\":\"https:\/\/reflejodemichoacan.com\/\",\"name\":\"Reflejo de Michoac\\u00e1n\",\"description\":\"Medio de comunicaci\\u00f3n impreso y digital al servicio de la regi\\u00f3n lacustre y Michoac\\u00e1n.\",\"potentialAction\":[{\"@type\":\"SearchAction\",\"target\":{\"@type\":\"EntryPoint\",\"urlTemplate\":\"https:\/\/reflejodemichoacan.com\/?s={search_term_string}\"},\"query-input\":\"required name=search_term_string\"}],\"inLanguage\":\"es-MX\"},{\"@type\":\"ImageObject\",\"@id\":\"https:\/\/reflejodemichoacan.com\/index.php\/2022\/10\/12\/instruye-julio-arreola-a-gabinete-municipal-brindar-atencion-en-ajuno\/#primaryimage\",\"inLanguage\":\"es-MX\",\"url\":\"https:\/\/reflejodemichoacan.com\/wp-content\/uploads\/2022\/10\/INSTRUYEN.jpg\",\"contentUrl\":\"https:\/\/reflejodemichoacan.com\/wp-content\/uploads\/2022\/10\/INSTRUYEN.jpg\",\"width\":1600,\"height\":1200},{\"@type\":\"WebPage\",\"@id\":\"https:\/\/reflejodemichoacan.com\/index.php\/2022\/10\/12\/instruye-julio-arreola-a-gabinete-municipal-brindar-atencion-en-ajuno\/#webpage\",\"url\":\"https:\/\/reflejodemichoacan.com\/index.php\/2022\/10\/12\/instruye-julio-arreola-a-gabinete-municipal-brindar-atencion-en-ajuno\/\",\"name\":\"Instruye Julio Arreola a gabinete municipal, brindar atenci\\u00f3n en Ajuno - Reflejo de Michoac\\u00e1n\",\"isPartOf\":{\"@id\":\"https:\/\/reflejodemichoacan.com\/#website\"},\"primaryImageOfPage\":{\"@id\":\"https:\/\/reflejodemichoacan.com\/index.php\/2022\/10\/12\/instruye-julio-arreola-a-gabinete-municipal-brindar-atencion-en-ajuno\/#primaryimage\"},\"datePublished\":\"2022-10-12T01:26:04+00:00\",\"dateModified\":\"2022-10-12T01:26:18+00:00\",\"author\":{\"@id\":\"https:\/\/reflejodemichoacan.com\/#\/schema\/person\/72d921e8fe99bd6e2e39bcde8995046f\"},\"breadcrumb\":{\"@id\":\"https:\/\/reflejodemichoacan.com\/index.php\/2022\/10\/12\/instruye-julio-arreola-a-gabinete-municipal-brindar-atencion-en-ajuno\/#breadcrumb\"},\"inLanguage\":\"es-MX\",\"potentialAction\":[{\"@type\":\"ReadAction\",\"target\":[\"https:\/\/reflejodemichoacan.com\/index.php\/2022\/10\/12\/instruye-julio-arreola-a-gabinete-municipal-brindar-atencion-en-ajuno\/\"]}]},{\"@type\":\"BreadcrumbList\",\"@id\":\"https:\/\/reflejodemichoacan.com\/index.php\/2022\/10\/12\/instruye-julio-arreola-a-gabinete-municipal-brindar-atencion-en-ajuno\/#breadcrumb\",\"itemListElement\":[{\"@type\":\"ListItem\",\"position\":1,\"name\":\"Inicio\",\"item\":\"https:\/\/reflejodemichoacan.com\/\"},{\"@type\":\"ListItem\",\"position\":2,\"name\":\"Instruye Julio Arreola a gabinete municipal, brindar atenci\\u00f3n en Ajuno\"}]},{\"@type\":\"Person\",\"@id\":\"https:\/\/reflejodemichoacan.com\/#\/schema\/person\/72d921e8fe99bd6e2e39bcde8995046f\",\"name\":\"Aurora\",\"image\":{\"@type\":\"ImageObject\",\"@id\":\"https:\/\/reflejodemichoacan.com\/#personlogo\",\"inLanguage\":\"es-MX\",\"url\":\"https:\/\/secure.gravatar.com\/avatar\/df5ceb9b998be27b25dd258a6b4b0a95?s=96&d=mm&r=g\",\"contentUrl\":\"https:\/\/secure.gravatar.com\/avatar\/df5ceb9b998be27b25dd258a6b4b0a95?s=96&d=mm&r=g\",\"caption\":\"Aurora\"},\"sameAs\":[\"http:\/\/reflejodemichoacan.com\"],\"url\":\"https:\/\/reflejodemichoacan.com\/index.php\/author\/rixwm7qvsq\/\"}]}<\/script>\n<!-- \/ Yoast SEO plugin. -->","yoast_head_json":{"title":"Instruye Julio Arreola a gabinete municipal, brindar atenci\u00f3n en Ajuno - Reflejo de Michoac\u00e1n","robots":{"index":"index","follow":"follow","max-snippet":"max-snippet:-1","max-image-preview":"max-image-preview:large","max-video-preview":"max-video-preview:-1"},"canonical":"https:\/\/reflejodemichoacan.com\/index.php\/2022\/10\/12\/instruye-julio-arreola-a-gabinete-municipal-brindar-atencion-en-ajuno\/","og_locale":"es_MX","og_type":"article","og_title":"Instruye Julio Arreola a gabinete municipal, brindar atenci\u00f3n en Ajuno - Reflejo de Michoac\u00e1n","og_description":"\u2022 Parte del gabinete municipal se traslad\u00f3 a la localidad para atender sus necesidades de manera personal. P\u00e1tzcuaro, Michoac\u00e1n., a 11 de octubre del 2021.- Luego de sostener una reuni\u00f3n con habitantes de la comunidad de Ajuno este lunes, el presidente municipal de P\u00e1tzcuaro, Julio Arreola V\u00e1zquez, instruy\u00f3 al gabinete municipal atender las necesidades y [&hellip;]","og_url":"https:\/\/reflejodemichoacan.com\/index.php\/2022\/10\/12\/instruye-julio-arreola-a-gabinete-municipal-brindar-atencion-en-ajuno\/","og_site_name":"Reflejo de Michoac\u00e1n","article_published_time":"2022-10-12T01:26:04+00:00","article_modified_time":"2022-10-12T01:26:18+00:00","og_image":[{"width":1600,"height":1200,"url":"https:\/\/reflejodemichoacan.com\/wp-content\/uploads\/2022\/10\/INSTRUYEN.jpg","type":"image\/jpeg"}],"twitter_card":"summary_large_image","twitter_misc":{"Escrito por":"Aurora","Tiempo de lectura":"2 minutos"},"schema":{"@context":"https:\/\/schema.org","@graph":[{"@type":"WebSite","@id":"https:\/\/reflejodemichoacan.com\/#website","url":"https:\/\/reflejodemichoacan.com\/","name":"Reflejo de Michoac\u00e1n","description":"Medio de comunicaci\u00f3n impreso y digital al servicio de la regi\u00f3n lacustre y Michoac\u00e1n.","potentialAction":[{"@type":"SearchAction","target":{"@type":"EntryPoint","urlTemplate":"https:\/\/reflejodemichoacan.com\/?s={search_term_string}"},"query-input":"required name=search_term_string"}],"inLanguage":"es-MX"},{"@type":"ImageObject","@id":"https:\/\/reflejodemichoacan.com\/index.php\/2022\/10\/12\/instruye-julio-arreola-a-gabinete-municipal-brindar-atencion-en-ajuno\/#primaryimage","inLanguage":"es-MX","url":"https:\/\/reflejodemichoacan.com\/wp-content\/uploads\/2022\/10\/INSTRUYEN.jpg","contentUrl":"https:\/\/reflejodemichoacan.com\/wp-content\/uploads\/2022\/10\/INSTRUYEN.jpg","width":1600,"height":1200},{"@type":"WebPage","@id":"https:\/\/reflejodemichoacan.com\/index.php\/2022\/10\/12\/instruye-julio-arreola-a-gabinete-municipal-brindar-atencion-en-ajuno\/#webpage","url":"https:\/\/reflejodemichoacan.com\/index.php\/2022\/10\/12\/instruye-julio-arreola-a-gabinete-municipal-brindar-atencion-en-ajuno\/","name":"Instruye Julio Arreola a gabinete municipal, brindar atenci\u00f3n en Ajuno - Reflejo de Michoac\u00e1n","isPartOf":{"@id":"https:\/\/reflejodemichoacan.com\/#website"},"primaryImageOfPage":{"@id":"https:\/\/reflejodemichoacan.com\/index.php\/2022\/10\/12\/instruye-julio-arreola-a-gabinete-municipal-brindar-atencion-en-ajuno\/#primaryimage"},"datePublished":"2022-10-12T01:26:04+00:00","dateModified":"2022-10-12T01:26:18+00:00","author":{"@id":"https:\/\/reflejodemichoacan.com\/#\/schema\/person\/72d921e8fe99bd6e2e39bcde8995046f"},"breadcrumb":{"@id":"https:\/\/reflejodemichoacan.com\/index.php\/2022\/10\/12\/instruye-julio-arreola-a-gabinete-municipal-brindar-atencion-en-ajuno\/#breadcrumb"},"inLanguage":"es-MX","potentialAction":[{"@type":"ReadAction","target":["https:\/\/reflejodemichoacan.com\/index.php\/2022\/10\/12\/instruye-julio-arreola-a-gabinete-municipal-brindar-atencion-en-ajuno\/"]}]},{"@type":"BreadcrumbList","@id":"https:\/\/reflejodemichoacan.com\/index.php\/2022\/10\/12\/instruye-julio-arreola-a-gabinete-municipal-brindar-atencion-en-ajuno\/#breadcrumb","itemListElement":[{"@type":"ListItem","position":1,"name":"Inicio","item":"https:\/\/reflejodemichoacan.com\/"},{"@type":"ListItem","position":2,"name":"Instruye Julio Arreola a gabinete municipal, brindar atenci\u00f3n en Ajuno"}]},{"@type":"Person","@id":"https:\/\/reflejodemichoacan.com\/#\/schema\/person\/72d921e8fe99bd6e2e39bcde8995046f","name":"Aurora","image":{"@type":"ImageObject","@id":"https:\/\/reflejodemichoacan.com\/#personlogo","inLanguage":"es-MX","url":"https:\/\/secure.gravatar.com\/avatar\/df5ceb9b998be27b25dd258a6b4b0a95?s=96&d=mm&r=g","contentUrl":"https:\/\/secure.gravatar.com\/avatar\/df5ceb9b998be27b25dd258a6b4b0a95?s=96&d=mm&r=g","caption":"Aurora"},"sameAs":["http:\/\/reflejodemichoacan.com"],"url":"https:\/\/reflejodemichoacan.com\/index.php\/author\/rixwm7qvsq\/"}]}},"_links":{"self":[{"href":"https:\/\/reflejodemichoacan.com\/index.php\/wp-json\/wp\/v2\/posts\/9938"}],"collection":[{"href":"https:\/\/reflejodemichoacan.com\/index.php\/wp-json\/wp\/v2\/posts"}],"about":[{"href":"https:\/\/reflejodemichoacan.com\/index.php\/wp-json\/wp\/v2\/types\/post"}],"author":[{"embeddable":true,"href":"https:\/\/reflejodemichoacan.com\/index.php\/wp-json\/wp\/v2\/users\/1"}],"replies":[{"embeddable":true,"href":"https:\/\/reflejodemichoacan.com\/index.php\/wp-json\/wp\/v2\/comments?post=9938"}],"version-history":[{"count":1,"href":"https:\/\/reflejodemichoacan.com\/index.php\/wp-json\/wp\/v2\/posts\/9938\/revisions"}],"predecessor-version":[{"id":9940,"href":"https:\/\/reflejodemichoacan.com\/index.php\/wp-json\/wp\/v2\/posts\/9938\/revisions\/9940"}],"wp:featuredmedia":[{"embeddable":true,"href":"https:\/\/reflejodemichoacan.com\/index.php\/wp-json\/wp\/v2\/media\/9939"}],"wp:attachment":[{"href":"https:\/\/reflejodemichoacan.com\/index.php\/wp-json\/wp\/v2\/media?parent=9938"}],"wp:term":[{"taxonomy":"category","embeddable":true,"href":"https:\/\/reflejodemichoacan.com\/index.php\/wp-json\/wp\/v2\/categories?post=9938"},{"taxonomy":"post_tag","embeddable":true,"href":"https:\/\/reflejodemichoacan.com\/index.php\/wp-json\/wp\/v2\/tags?post=9938"}],"curies":[{"name":"wp","href":"https:\/\/api.w.org\/{rel}","templated":true}]}}