{"id":9941,"date":"2022-10-12T23:44:57","date_gmt":"2022-10-12T23:44:57","guid":{"rendered":"https:\/\/reflejodemichoacan.com\/?p=9941"},"modified":"2022-10-12T23:45:00","modified_gmt":"2022-10-12T23:45:00","slug":"refrenda-ayuntamiento-de-patzcuaro-su-respaldo-y-respeto-a-derechos-de-pueblos-originarios","status":"publish","type":"post","link":"https:\/\/reflejodemichoacan.com\/index.php\/2022\/10\/12\/refrenda-ayuntamiento-de-patzcuaro-su-respaldo-y-respeto-a-derechos-de-pueblos-originarios\/","title":{"rendered":"Refrenda Ayuntamiento de P\u00e1tzcuaro su respaldo y respeto a derechos de pueblos originarios"},"content":{"rendered":"\n<p>\u2022 La Sindico Claudia Berenice Reyes Ferr\u00e1ez, acudi\u00f3 al acto c\u00edvico-cultural del D\u00eda de la Resistencia Ind\u00edgena en representaci\u00f3n del presidente municipal, Julio Alberto Arreola V\u00e1zquez.*<br>P\u00e1tzcuaro, Mich., 12 de octubre de 2022.- El Gobierno Municipal de P\u00e1tzcuaro que encabeza, Julio Alberto Arreola V\u00e1zquez, reafirm\u00f3 su protecci\u00f3n y respaldo a la cosmovisi\u00f3n, patrimonio cultural, vida, usos, costumbres y derechos de los pueblos originarios, en el marco de la conmemoraci\u00f3n del D\u00eda de la Resistencia Ind\u00edgena.<br>La sindica, Claudia Berenice Reyes Ferr\u00e1ez, asisti\u00f3 en nombre del presidente municipal, Julio Arreola V\u00e1zquez, al acto c\u00edvico-cultural del D\u00eda de la Lucha y Resistencia de los Pueblos Originarios en las instalaciones del CONALEP Plantel P\u00e1tzcuaro, donde dio un mensaje de respeto y apoyo a las comunidades ind\u00edgenas que forman parte de este municipio.<br>Reyes Ferr\u00e1ez, refrend\u00f3 el compromiso de esta administraci\u00f3n de respaldar y proteger los derechos humanos, promoviendo en todo momento la inclusi\u00f3n, el respeto y la igualdad de los habitantes del municipio y la regi\u00f3n, record\u00f3 que el municipio de P\u00e1tzcuaro, es uno de los que cuentan con m\u00e1s habitantes ind\u00edgenas en la regi\u00f3n.<br>\u201cNuestras ra\u00edces son lo \u00fanico que quedar\u00e1 de nosotros, porque en ellas crecimos, las ra\u00edces bien cimentadas sobreviven al fuego y al hielo, son nuestro legado original y nuestro m\u00e1s valioso regalo del mundo, as\u00ed que este d\u00eda nos da la oportunidad de recordar y agradecer el inmenso patrimonio cultural que tiene M\u00e9xico, y presumir que orgullosamente nuestro municipio es uno de los que cuentan con m\u00e1s pueblos originarios\u201d, se\u00f1al\u00f3.<br>La oradora oficial, la maestra Paula Virginia Porras Ruiz, docente de la Universidad Pedag\u00f3gica Nacional 161 de Morelia con sede en P\u00e1tzcuaro, hizo una remembranza de la historia y evoluci\u00f3n de los pueblos ind\u00edgenas, invit\u00f3 a los presentes a preservar usos y costumbres y sobre todo el respeto a los pueblos originarios.\u00a0<br>Luis Manuel Maximiliano Villanueva, director del CONALEP Plantel P\u00e1tzcuaro, se\u00f1al\u00f3 que ya no se conmemora el D\u00eda de la Raza en los \u00faltimos a\u00f1os en M\u00e9xico y en muchos pa\u00edses de Am\u00e9rica Latina, se ha se\u00f1alado esta fecha como el D\u00eda de la Resistencia Ind\u00edgena para convertirse en una jornada de lucha y reivindicaci\u00f3n de los pueblos originarios, reconocer la constancia de la lucha por su dignidad, la diversidad cultural y humana de los pueblos originarios de M\u00e9xico y del Continente Americano.<br>La regidora, Erika Janeth Vel\u00e1zquez Dionicio, por su parte expres\u00f3 el compromiso del Cabildo patzcuarense para acompa\u00f1ar y defender los derechos de las comunidades ind\u00edgenas, y agreg\u00f3 que los pueblos originarios constituyen el impulso del municipio, \u201cestamos comprometidos en reconocer sus derechos y trabajar de la mano con ustedes\u201d, indic\u00f3.\u00a0<br>En el evento se cont\u00f3 con la presencia Roberto Mart\u00ednez Soriano, coordinador de la Universidad Pedag\u00f3gica Nacional 161 con sede en P\u00e1tzcuaro, Tomas Duarte Pedraza, Delegado Sindical del SUT CONALEP P\u00e1tzcuaro, Jos\u00e9 Manuel Cort\u00e9s Vieira Delegado Sindical del SES CONALEP P\u00e1tzcuaro, Vanesa L\u00f3pez Carrillo, titular de la Unidad de Evaluaci\u00f3n y Control de la Auditor\u00eda Superior de Michoac\u00e1n.<br>As\u00ed como Johana Mendoza L\u00f3pez Regidora del Ayuntamiento de Zit\u00e1cuaro, las y los regidores; Erika Janeth Vel\u00e1zquez Dionicio, F\u00e9lix C\u00e1zarez Rodr\u00edguez, Eduardo Zavala Padilla y Osvaldo Ruiz Ram\u00edrez Director General del CONALEP Michoac\u00e1n.\u00c1rea de archivos adjuntos<\/p>\n","protected":false},"excerpt":{"rendered":"<p>\u2022 La Sindico Claudia Berenice Reyes Ferr\u00e1ez, acudi\u00f3 al acto c\u00edvico-cultural del D\u00eda de la Resistencia Ind\u00edgena en representaci\u00f3n del presidente municipal, Julio Alberto Arreola V\u00e1zquez.*P\u00e1tzcuaro, Mich., 12 de octubre de 2022.- El Gobierno Municipal de P\u00e1tzcuaro que encabeza, Julio Alberto Arreola V\u00e1zquez, reafirm\u00f3 su protecci\u00f3n y respaldo a la cosmovisi\u00f3n, patrimonio cultural, vida, usos, [&hellip;]<\/p>\n","protected":false},"author":1,"featured_media":9942,"comment_status":"open","ping_status":"closed","sticky":false,"template":"","format":"standard","meta":[],"categories":[1],"tags":[],"yoast_head":"<!-- This site is optimized with the Yoast SEO plugin v17.9 - https:\/\/yoast.com\/wordpress\/plugins\/seo\/ -->\n<title>Refrenda Ayuntamiento de P\u00e1tzcuaro su respaldo y respeto a derechos de pueblos originarios - Reflejo de Michoac\u00e1n<\/title>\n<meta name=\"robots\" content=\"index, follow, max-snippet:-1, max-image-preview:large, max-video-preview:-1\" \/>\n<link rel=\"canonical\" href=\"https:\/\/reflejodemichoacan.com\/index.php\/2022\/10\/12\/refrenda-ayuntamiento-de-patzcuaro-su-respaldo-y-respeto-a-derechos-de-pueblos-originarios\/\" \/>\n<meta property=\"og:locale\" content=\"es_MX\" \/>\n<meta property=\"og:type\" content=\"article\" \/>\n<meta property=\"og:title\" content=\"Refrenda Ayuntamiento de P\u00e1tzcuaro su respaldo y respeto a derechos de pueblos originarios - Reflejo de Michoac\u00e1n\" \/>\n<meta property=\"og:description\" content=\"\u2022 La Sindico Claudia Berenice Reyes Ferr\u00e1ez, acudi\u00f3 al acto c\u00edvico-cultural del D\u00eda de la Resistencia Ind\u00edgena en representaci\u00f3n del presidente municipal, Julio Alberto Arreola V\u00e1zquez.*P\u00e1tzcuaro, Mich., 12 de octubre de 2022.- El Gobierno Municipal de P\u00e1tzcuaro que encabeza, Julio Alberto Arreola V\u00e1zquez, reafirm\u00f3 su protecci\u00f3n y respaldo a la cosmovisi\u00f3n, patrimonio cultural, vida, usos, [&hellip;]\" \/>\n<meta property=\"og:url\" content=\"https:\/\/reflejodemichoacan.com\/index.php\/2022\/10\/12\/refrenda-ayuntamiento-de-patzcuaro-su-respaldo-y-respeto-a-derechos-de-pueblos-originarios\/\" \/>\n<meta property=\"og:site_name\" content=\"Reflejo de Michoac\u00e1n\" \/>\n<meta property=\"article:published_time\" content=\"2022-10-12T23:44:57+00:00\" \/>\n<meta property=\"article:modified_time\" content=\"2022-10-12T23:45:00+00:00\" \/>\n<meta property=\"og:image\" content=\"https:\/\/reflejodemichoacan.com\/wp-content\/uploads\/2022\/10\/refrenda.jpg\" \/>\n\t<meta property=\"og:image:width\" content=\"1280\" \/>\n\t<meta property=\"og:image:height\" content=\"852\" \/>\n\t<meta property=\"og:image:type\" content=\"image\/jpeg\" \/>\n<meta name=\"twitter:card\" content=\"summary_large_image\" \/>\n<meta name=\"twitter:label1\" content=\"Escrito por\" \/>\n\t<meta name=\"twitter:data1\" content=\"Aurora\" \/>\n\t<meta name=\"twitter:label2\" content=\"Tiempo de lectura\" \/>\n\t<meta name=\"twitter:data2\" content=\"3 minutos\" \/>\n<script type=\"application\/ld+json\" class=\"yoast-schema-graph\">{\"@context\":\"https:\/\/schema.org\",\"@graph\":[{\"@type\":\"WebSite\",\"@id\":\"https:\/\/reflejodemichoacan.com\/#website\",\"url\":\"https:\/\/reflejodemichoacan.com\/\",\"name\":\"Reflejo de Michoac\\u00e1n\",\"description\":\"Medio de comunicaci\\u00f3n impreso y digital al servicio de la regi\\u00f3n lacustre y Michoac\\u00e1n.\",\"potentialAction\":[{\"@type\":\"SearchAction\",\"target\":{\"@type\":\"EntryPoint\",\"urlTemplate\":\"https:\/\/reflejodemichoacan.com\/?s={search_term_string}\"},\"query-input\":\"required name=search_term_string\"}],\"inLanguage\":\"es-MX\"},{\"@type\":\"ImageObject\",\"@id\":\"https:\/\/reflejodemichoacan.com\/index.php\/2022\/10\/12\/refrenda-ayuntamiento-de-patzcuaro-su-respaldo-y-respeto-a-derechos-de-pueblos-originarios\/#primaryimage\",\"inLanguage\":\"es-MX\",\"url\":\"https:\/\/reflejodemichoacan.com\/wp-content\/uploads\/2022\/10\/refrenda.jpg\",\"contentUrl\":\"https:\/\/reflejodemichoacan.com\/wp-content\/uploads\/2022\/10\/refrenda.jpg\",\"width\":1280,\"height\":852},{\"@type\":\"WebPage\",\"@id\":\"https:\/\/reflejodemichoacan.com\/index.php\/2022\/10\/12\/refrenda-ayuntamiento-de-patzcuaro-su-respaldo-y-respeto-a-derechos-de-pueblos-originarios\/#webpage\",\"url\":\"https:\/\/reflejodemichoacan.com\/index.php\/2022\/10\/12\/refrenda-ayuntamiento-de-patzcuaro-su-respaldo-y-respeto-a-derechos-de-pueblos-originarios\/\",\"name\":\"Refrenda Ayuntamiento de P\\u00e1tzcuaro su respaldo y respeto a derechos de pueblos originarios - Reflejo de Michoac\\u00e1n\",\"isPartOf\":{\"@id\":\"https:\/\/reflejodemichoacan.com\/#website\"},\"primaryImageOfPage\":{\"@id\":\"https:\/\/reflejodemichoacan.com\/index.php\/2022\/10\/12\/refrenda-ayuntamiento-de-patzcuaro-su-respaldo-y-respeto-a-derechos-de-pueblos-originarios\/#primaryimage\"},\"datePublished\":\"2022-10-12T23:44:57+00:00\",\"dateModified\":\"2022-10-12T23:45:00+00:00\",\"author\":{\"@id\":\"https:\/\/reflejodemichoacan.com\/#\/schema\/person\/72d921e8fe99bd6e2e39bcde8995046f\"},\"breadcrumb\":{\"@id\":\"https:\/\/reflejodemichoacan.com\/index.php\/2022\/10\/12\/refrenda-ayuntamiento-de-patzcuaro-su-respaldo-y-respeto-a-derechos-de-pueblos-originarios\/#breadcrumb\"},\"inLanguage\":\"es-MX\",\"potentialAction\":[{\"@type\":\"ReadAction\",\"target\":[\"https:\/\/reflejodemichoacan.com\/index.php\/2022\/10\/12\/refrenda-ayuntamiento-de-patzcuaro-su-respaldo-y-respeto-a-derechos-de-pueblos-originarios\/\"]}]},{\"@type\":\"BreadcrumbList\",\"@id\":\"https:\/\/reflejodemichoacan.com\/index.php\/2022\/10\/12\/refrenda-ayuntamiento-de-patzcuaro-su-respaldo-y-respeto-a-derechos-de-pueblos-originarios\/#breadcrumb\",\"itemListElement\":[{\"@type\":\"ListItem\",\"position\":1,\"name\":\"Inicio\",\"item\":\"https:\/\/reflejodemichoacan.com\/\"},{\"@type\":\"ListItem\",\"position\":2,\"name\":\"Refrenda Ayuntamiento de P\\u00e1tzcuaro su respaldo y respeto a derechos de pueblos originarios\"}]},{\"@type\":\"Person\",\"@id\":\"https:\/\/reflejodemichoacan.com\/#\/schema\/person\/72d921e8fe99bd6e2e39bcde8995046f\",\"name\":\"Aurora\",\"image\":{\"@type\":\"ImageObject\",\"@id\":\"https:\/\/reflejodemichoacan.com\/#personlogo\",\"inLanguage\":\"es-MX\",\"url\":\"https:\/\/secure.gravatar.com\/avatar\/df5ceb9b998be27b25dd258a6b4b0a95?s=96&d=mm&r=g\",\"contentUrl\":\"https:\/\/secure.gravatar.com\/avatar\/df5ceb9b998be27b25dd258a6b4b0a95?s=96&d=mm&r=g\",\"caption\":\"Aurora\"},\"sameAs\":[\"http:\/\/reflejodemichoacan.com\"],\"url\":\"https:\/\/reflejodemichoacan.com\/index.php\/author\/rixwm7qvsq\/\"}]}<\/script>\n<!-- \/ Yoast SEO plugin. -->","yoast_head_json":{"title":"Refrenda Ayuntamiento de P\u00e1tzcuaro su respaldo y respeto a derechos de pueblos originarios - Reflejo de Michoac\u00e1n","robots":{"index":"index","follow":"follow","max-snippet":"max-snippet:-1","max-image-preview":"max-image-preview:large","max-video-preview":"max-video-preview:-1"},"canonical":"https:\/\/reflejodemichoacan.com\/index.php\/2022\/10\/12\/refrenda-ayuntamiento-de-patzcuaro-su-respaldo-y-respeto-a-derechos-de-pueblos-originarios\/","og_locale":"es_MX","og_type":"article","og_title":"Refrenda Ayuntamiento de P\u00e1tzcuaro su respaldo y respeto a derechos de pueblos originarios - Reflejo de Michoac\u00e1n","og_description":"\u2022 La Sindico Claudia Berenice Reyes Ferr\u00e1ez, acudi\u00f3 al acto c\u00edvico-cultural del D\u00eda de la Resistencia Ind\u00edgena en representaci\u00f3n del presidente municipal, Julio Alberto Arreola V\u00e1zquez.*P\u00e1tzcuaro, Mich., 12 de octubre de 2022.- El Gobierno Municipal de P\u00e1tzcuaro que encabeza, Julio Alberto Arreola V\u00e1zquez, reafirm\u00f3 su protecci\u00f3n y respaldo a la cosmovisi\u00f3n, patrimonio cultural, vida, usos, [&hellip;]","og_url":"https:\/\/reflejodemichoacan.com\/index.php\/2022\/10\/12\/refrenda-ayuntamiento-de-patzcuaro-su-respaldo-y-respeto-a-derechos-de-pueblos-originarios\/","og_site_name":"Reflejo de Michoac\u00e1n","article_published_time":"2022-10-12T23:44:57+00:00","article_modified_time":"2022-10-12T23:45:00+00:00","og_image":[{"width":1280,"height":852,"url":"https:\/\/reflejodemichoacan.com\/wp-content\/uploads\/2022\/10\/refrenda.jpg","type":"image\/jpeg"}],"twitter_card":"summary_large_image","twitter_misc":{"Escrito por":"Aurora","Tiempo de lectura":"3 minutos"},"schema":{"@context":"https:\/\/schema.org","@graph":[{"@type":"WebSite","@id":"https:\/\/reflejodemichoacan.com\/#website","url":"https:\/\/reflejodemichoacan.com\/","name":"Reflejo de Michoac\u00e1n","description":"Medio de comunicaci\u00f3n impreso y digital al servicio de la regi\u00f3n lacustre y Michoac\u00e1n.","potentialAction":[{"@type":"SearchAction","target":{"@type":"EntryPoint","urlTemplate":"https:\/\/reflejodemichoacan.com\/?s={search_term_string}"},"query-input":"required name=search_term_string"}],"inLanguage":"es-MX"},{"@type":"ImageObject","@id":"https:\/\/reflejodemichoacan.com\/index.php\/2022\/10\/12\/refrenda-ayuntamiento-de-patzcuaro-su-respaldo-y-respeto-a-derechos-de-pueblos-originarios\/#primaryimage","inLanguage":"es-MX","url":"https:\/\/reflejodemichoacan.com\/wp-content\/uploads\/2022\/10\/refrenda.jpg","contentUrl":"https:\/\/reflejodemichoacan.com\/wp-content\/uploads\/2022\/10\/refrenda.jpg","width":1280,"height":852},{"@type":"WebPage","@id":"https:\/\/reflejodemichoacan.com\/index.php\/2022\/10\/12\/refrenda-ayuntamiento-de-patzcuaro-su-respaldo-y-respeto-a-derechos-de-pueblos-originarios\/#webpage","url":"https:\/\/reflejodemichoacan.com\/index.php\/2022\/10\/12\/refrenda-ayuntamiento-de-patzcuaro-su-respaldo-y-respeto-a-derechos-de-pueblos-originarios\/","name":"Refrenda Ayuntamiento de P\u00e1tzcuaro su respaldo y respeto a derechos de pueblos originarios - Reflejo de Michoac\u00e1n","isPartOf":{"@id":"https:\/\/reflejodemichoacan.com\/#website"},"primaryImageOfPage":{"@id":"https:\/\/reflejodemichoacan.com\/index.php\/2022\/10\/12\/refrenda-ayuntamiento-de-patzcuaro-su-respaldo-y-respeto-a-derechos-de-pueblos-originarios\/#primaryimage"},"datePublished":"2022-10-12T23:44:57+00:00","dateModified":"2022-10-12T23:45:00+00:00","author":{"@id":"https:\/\/reflejodemichoacan.com\/#\/schema\/person\/72d921e8fe99bd6e2e39bcde8995046f"},"breadcrumb":{"@id":"https:\/\/reflejodemichoacan.com\/index.php\/2022\/10\/12\/refrenda-ayuntamiento-de-patzcuaro-su-respaldo-y-respeto-a-derechos-de-pueblos-originarios\/#breadcrumb"},"inLanguage":"es-MX","potentialAction":[{"@type":"ReadAction","target":["https:\/\/reflejodemichoacan.com\/index.php\/2022\/10\/12\/refrenda-ayuntamiento-de-patzcuaro-su-respaldo-y-respeto-a-derechos-de-pueblos-originarios\/"]}]},{"@type":"BreadcrumbList","@id":"https:\/\/reflejodemichoacan.com\/index.php\/2022\/10\/12\/refrenda-ayuntamiento-de-patzcuaro-su-respaldo-y-respeto-a-derechos-de-pueblos-originarios\/#breadcrumb","itemListElement":[{"@type":"ListItem","position":1,"name":"Inicio","item":"https:\/\/reflejodemichoacan.com\/"},{"@type":"ListItem","position":2,"name":"Refrenda Ayuntamiento de P\u00e1tzcuaro su respaldo y respeto a derechos de pueblos originarios"}]},{"@type":"Person","@id":"https:\/\/reflejodemichoacan.com\/#\/schema\/person\/72d921e8fe99bd6e2e39bcde8995046f","name":"Aurora","image":{"@type":"ImageObject","@id":"https:\/\/reflejodemichoacan.com\/#personlogo","inLanguage":"es-MX","url":"https:\/\/secure.gravatar.com\/avatar\/df5ceb9b998be27b25dd258a6b4b0a95?s=96&d=mm&r=g","contentUrl":"https:\/\/secure.gravatar.com\/avatar\/df5ceb9b998be27b25dd258a6b4b0a95?s=96&d=mm&r=g","caption":"Aurora"},"sameAs":["http:\/\/reflejodemichoacan.com"],"url":"https:\/\/reflejodemichoacan.com\/index.php\/author\/rixwm7qvsq\/"}]}},"_links":{"self":[{"href":"https:\/\/reflejodemichoacan.com\/index.php\/wp-json\/wp\/v2\/posts\/9941"}],"collection":[{"href":"https:\/\/reflejodemichoacan.com\/index.php\/wp-json\/wp\/v2\/posts"}],"about":[{"href":"https:\/\/reflejodemichoacan.com\/index.php\/wp-json\/wp\/v2\/types\/post"}],"author":[{"embeddable":true,"href":"https:\/\/reflejodemichoacan.com\/index.php\/wp-json\/wp\/v2\/users\/1"}],"replies":[{"embeddable":true,"href":"https:\/\/reflejodemichoacan.com\/index.php\/wp-json\/wp\/v2\/comments?post=9941"}],"version-history":[{"count":1,"href":"https:\/\/reflejodemichoacan.com\/index.php\/wp-json\/wp\/v2\/posts\/9941\/revisions"}],"predecessor-version":[{"id":9943,"href":"https:\/\/reflejodemichoacan.com\/index.php\/wp-json\/wp\/v2\/posts\/9941\/revisions\/9943"}],"wp:featuredmedia":[{"embeddable":true,"href":"https:\/\/reflejodemichoacan.com\/index.php\/wp-json\/wp\/v2\/media\/9942"}],"wp:attachment":[{"href":"https:\/\/reflejodemichoacan.com\/index.php\/wp-json\/wp\/v2\/media?parent=9941"}],"wp:term":[{"taxonomy":"category","embeddable":true,"href":"https:\/\/reflejodemichoacan.com\/index.php\/wp-json\/wp\/v2\/categories?post=9941"},{"taxonomy":"post_tag","embeddable":true,"href":"https:\/\/reflejodemichoacan.com\/index.php\/wp-json\/wp\/v2\/tags?post=9941"}],"curies":[{"name":"wp","href":"https:\/\/api.w.org\/{rel}","templated":true}]}}