{"id":9944,"date":"2022-10-12T23:49:47","date_gmt":"2022-10-12T23:49:47","guid":{"rendered":"https:\/\/reflejodemichoacan.com\/?p=9944"},"modified":"2022-10-12T23:49:50","modified_gmt":"2022-10-12T23:49:50","slug":"inaugura-araceli-saucedo-reyes-calle-nayarit-en-la-comunidad-de-casas-blancas","status":"publish","type":"post","link":"https:\/\/reflejodemichoacan.com\/index.php\/2022\/10\/12\/inaugura-araceli-saucedo-reyes-calle-nayarit-en-la-comunidad-de-casas-blancas\/","title":{"rendered":"Inaugura Araceli Saucedo Reyes calle Nayarit en la comunidad de Casas Blancas."},"content":{"rendered":"\n<p>Salvador Escalante, Mich., 12 de octubre del 2022.- La Lic. Araceli Saucedo Reyes alcaldesa municipal de Salvador Escalante, cort\u00f3 el list\u00f3n Inaugural de la obra\u00a0 de pavimentaci\u00f3n de\u00a0 la calle Nayarit, en la comunidad de Casas Blancas.<\/p>\n\n\n\n<p>La obra inaugurada consta de pavimentaci\u00f3n en concreto hidr\u00e1ulico, Instalaci\u00f3n de tuber\u00edas de agua potable y conexi\u00f3n de tom\u00e1s domiciliarias, as\u00ed como tuber\u00eda de drenaje sanitario y descargas domiciliarias, guarniciones y banquetas.<\/p>\n\n\n\n<p>La obra inaugurada resalta en importancia pues esta calle da acceso a los alumnos de la primaria &#8220;Redenci\u00f3n Campesina&#8221;, quienes ahora tienen mejores condiciones para llegar a su escuela.<\/p>\n\n\n\n<p>Ante la presencia de ni\u00f1os, ni\u00f1as y maestros, la alcaldesa se comprometi\u00f3 a darle seguimiento a la petici\u00f3n&nbsp; que se le hiciera hace unos meses para la construcci\u00f3n de patios c\u00edvico, el cual ser\u00e1 contemplado en el plan de obras del pr\u00f3ximo a\u00f1o.<\/p>\n","protected":false},"excerpt":{"rendered":"<p>Salvador Escalante, Mich., 12 de octubre del 2022.- La Lic. Araceli Saucedo Reyes alcaldesa municipal de Salvador Escalante, cort\u00f3 el list\u00f3n Inaugural de la obra\u00a0 de pavimentaci\u00f3n de\u00a0 la calle Nayarit, en la comunidad de Casas Blancas. La obra inaugurada consta de pavimentaci\u00f3n en concreto hidr\u00e1ulico, Instalaci\u00f3n de tuber\u00edas de agua potable y conexi\u00f3n de [&hellip;]<\/p>\n","protected":false},"author":1,"featured_media":9945,"comment_status":"open","ping_status":"closed","sticky":false,"template":"","format":"standard","meta":[],"categories":[1],"tags":[],"yoast_head":"<!-- This site is optimized with the Yoast SEO plugin v17.9 - https:\/\/yoast.com\/wordpress\/plugins\/seo\/ -->\n<title>Inaugura Araceli Saucedo Reyes calle Nayarit en la comunidad de Casas Blancas. - Reflejo de Michoac\u00e1n<\/title>\n<meta name=\"robots\" content=\"index, follow, max-snippet:-1, max-image-preview:large, max-video-preview:-1\" \/>\n<link rel=\"canonical\" href=\"https:\/\/reflejodemichoacan.com\/index.php\/2022\/10\/12\/inaugura-araceli-saucedo-reyes-calle-nayarit-en-la-comunidad-de-casas-blancas\/\" \/>\n<meta property=\"og:locale\" content=\"es_MX\" \/>\n<meta property=\"og:type\" content=\"article\" \/>\n<meta property=\"og:title\" content=\"Inaugura Araceli Saucedo Reyes calle Nayarit en la comunidad de Casas Blancas. - Reflejo de Michoac\u00e1n\" \/>\n<meta property=\"og:description\" content=\"Salvador Escalante, Mich., 12 de octubre del 2022.- La Lic. Araceli Saucedo Reyes alcaldesa municipal de Salvador Escalante, cort\u00f3 el list\u00f3n Inaugural de la obra\u00a0 de pavimentaci\u00f3n de\u00a0 la calle Nayarit, en la comunidad de Casas Blancas. La obra inaugurada consta de pavimentaci\u00f3n en concreto hidr\u00e1ulico, Instalaci\u00f3n de tuber\u00edas de agua potable y conexi\u00f3n de [&hellip;]\" \/>\n<meta property=\"og:url\" content=\"https:\/\/reflejodemichoacan.com\/index.php\/2022\/10\/12\/inaugura-araceli-saucedo-reyes-calle-nayarit-en-la-comunidad-de-casas-blancas\/\" \/>\n<meta property=\"og:site_name\" content=\"Reflejo de Michoac\u00e1n\" \/>\n<meta property=\"article:published_time\" content=\"2022-10-12T23:49:47+00:00\" \/>\n<meta property=\"article:modified_time\" content=\"2022-10-12T23:49:50+00:00\" \/>\n<meta property=\"og:image\" content=\"https:\/\/reflejodemichoacan.com\/wp-content\/uploads\/2022\/10\/Inaugura.jpg\" \/>\n\t<meta property=\"og:image:width\" content=\"960\" \/>\n\t<meta property=\"og:image:height\" content=\"639\" \/>\n\t<meta property=\"og:image:type\" content=\"image\/jpeg\" \/>\n<meta name=\"twitter:card\" content=\"summary_large_image\" \/>\n<meta name=\"twitter:label1\" content=\"Escrito por\" \/>\n\t<meta name=\"twitter:data1\" content=\"Aurora\" \/>\n\t<meta name=\"twitter:label2\" content=\"Tiempo de lectura\" \/>\n\t<meta name=\"twitter:data2\" content=\"1 minuto\" \/>\n<script type=\"application\/ld+json\" class=\"yoast-schema-graph\">{\"@context\":\"https:\/\/schema.org\",\"@graph\":[{\"@type\":\"WebSite\",\"@id\":\"https:\/\/reflejodemichoacan.com\/#website\",\"url\":\"https:\/\/reflejodemichoacan.com\/\",\"name\":\"Reflejo de Michoac\\u00e1n\",\"description\":\"Medio de comunicaci\\u00f3n impreso y digital al servicio de la regi\\u00f3n lacustre y Michoac\\u00e1n.\",\"potentialAction\":[{\"@type\":\"SearchAction\",\"target\":{\"@type\":\"EntryPoint\",\"urlTemplate\":\"https:\/\/reflejodemichoacan.com\/?s={search_term_string}\"},\"query-input\":\"required name=search_term_string\"}],\"inLanguage\":\"es-MX\"},{\"@type\":\"ImageObject\",\"@id\":\"https:\/\/reflejodemichoacan.com\/index.php\/2022\/10\/12\/inaugura-araceli-saucedo-reyes-calle-nayarit-en-la-comunidad-de-casas-blancas\/#primaryimage\",\"inLanguage\":\"es-MX\",\"url\":\"https:\/\/reflejodemichoacan.com\/wp-content\/uploads\/2022\/10\/Inaugura.jpg\",\"contentUrl\":\"https:\/\/reflejodemichoacan.com\/wp-content\/uploads\/2022\/10\/Inaugura.jpg\",\"width\":960,\"height\":639},{\"@type\":\"WebPage\",\"@id\":\"https:\/\/reflejodemichoacan.com\/index.php\/2022\/10\/12\/inaugura-araceli-saucedo-reyes-calle-nayarit-en-la-comunidad-de-casas-blancas\/#webpage\",\"url\":\"https:\/\/reflejodemichoacan.com\/index.php\/2022\/10\/12\/inaugura-araceli-saucedo-reyes-calle-nayarit-en-la-comunidad-de-casas-blancas\/\",\"name\":\"Inaugura Araceli Saucedo Reyes calle Nayarit en la comunidad de Casas Blancas. - Reflejo de Michoac\\u00e1n\",\"isPartOf\":{\"@id\":\"https:\/\/reflejodemichoacan.com\/#website\"},\"primaryImageOfPage\":{\"@id\":\"https:\/\/reflejodemichoacan.com\/index.php\/2022\/10\/12\/inaugura-araceli-saucedo-reyes-calle-nayarit-en-la-comunidad-de-casas-blancas\/#primaryimage\"},\"datePublished\":\"2022-10-12T23:49:47+00:00\",\"dateModified\":\"2022-10-12T23:49:50+00:00\",\"author\":{\"@id\":\"https:\/\/reflejodemichoacan.com\/#\/schema\/person\/72d921e8fe99bd6e2e39bcde8995046f\"},\"breadcrumb\":{\"@id\":\"https:\/\/reflejodemichoacan.com\/index.php\/2022\/10\/12\/inaugura-araceli-saucedo-reyes-calle-nayarit-en-la-comunidad-de-casas-blancas\/#breadcrumb\"},\"inLanguage\":\"es-MX\",\"potentialAction\":[{\"@type\":\"ReadAction\",\"target\":[\"https:\/\/reflejodemichoacan.com\/index.php\/2022\/10\/12\/inaugura-araceli-saucedo-reyes-calle-nayarit-en-la-comunidad-de-casas-blancas\/\"]}]},{\"@type\":\"BreadcrumbList\",\"@id\":\"https:\/\/reflejodemichoacan.com\/index.php\/2022\/10\/12\/inaugura-araceli-saucedo-reyes-calle-nayarit-en-la-comunidad-de-casas-blancas\/#breadcrumb\",\"itemListElement\":[{\"@type\":\"ListItem\",\"position\":1,\"name\":\"Inicio\",\"item\":\"https:\/\/reflejodemichoacan.com\/\"},{\"@type\":\"ListItem\",\"position\":2,\"name\":\"Inaugura Araceli Saucedo Reyes calle Nayarit en la comunidad de Casas Blancas.\"}]},{\"@type\":\"Person\",\"@id\":\"https:\/\/reflejodemichoacan.com\/#\/schema\/person\/72d921e8fe99bd6e2e39bcde8995046f\",\"name\":\"Aurora\",\"image\":{\"@type\":\"ImageObject\",\"@id\":\"https:\/\/reflejodemichoacan.com\/#personlogo\",\"inLanguage\":\"es-MX\",\"url\":\"https:\/\/secure.gravatar.com\/avatar\/df5ceb9b998be27b25dd258a6b4b0a95?s=96&d=mm&r=g\",\"contentUrl\":\"https:\/\/secure.gravatar.com\/avatar\/df5ceb9b998be27b25dd258a6b4b0a95?s=96&d=mm&r=g\",\"caption\":\"Aurora\"},\"sameAs\":[\"http:\/\/reflejodemichoacan.com\"],\"url\":\"https:\/\/reflejodemichoacan.com\/index.php\/author\/rixwm7qvsq\/\"}]}<\/script>\n<!-- \/ Yoast SEO plugin. -->","yoast_head_json":{"title":"Inaugura Araceli Saucedo Reyes calle Nayarit en la comunidad de Casas Blancas. - Reflejo de Michoac\u00e1n","robots":{"index":"index","follow":"follow","max-snippet":"max-snippet:-1","max-image-preview":"max-image-preview:large","max-video-preview":"max-video-preview:-1"},"canonical":"https:\/\/reflejodemichoacan.com\/index.php\/2022\/10\/12\/inaugura-araceli-saucedo-reyes-calle-nayarit-en-la-comunidad-de-casas-blancas\/","og_locale":"es_MX","og_type":"article","og_title":"Inaugura Araceli Saucedo Reyes calle Nayarit en la comunidad de Casas Blancas. - Reflejo de Michoac\u00e1n","og_description":"Salvador Escalante, Mich., 12 de octubre del 2022.- La Lic. Araceli Saucedo Reyes alcaldesa municipal de Salvador Escalante, cort\u00f3 el list\u00f3n Inaugural de la obra\u00a0 de pavimentaci\u00f3n de\u00a0 la calle Nayarit, en la comunidad de Casas Blancas. La obra inaugurada consta de pavimentaci\u00f3n en concreto hidr\u00e1ulico, Instalaci\u00f3n de tuber\u00edas de agua potable y conexi\u00f3n de [&hellip;]","og_url":"https:\/\/reflejodemichoacan.com\/index.php\/2022\/10\/12\/inaugura-araceli-saucedo-reyes-calle-nayarit-en-la-comunidad-de-casas-blancas\/","og_site_name":"Reflejo de Michoac\u00e1n","article_published_time":"2022-10-12T23:49:47+00:00","article_modified_time":"2022-10-12T23:49:50+00:00","og_image":[{"width":960,"height":639,"url":"https:\/\/reflejodemichoacan.com\/wp-content\/uploads\/2022\/10\/Inaugura.jpg","type":"image\/jpeg"}],"twitter_card":"summary_large_image","twitter_misc":{"Escrito por":"Aurora","Tiempo de lectura":"1 minuto"},"schema":{"@context":"https:\/\/schema.org","@graph":[{"@type":"WebSite","@id":"https:\/\/reflejodemichoacan.com\/#website","url":"https:\/\/reflejodemichoacan.com\/","name":"Reflejo de Michoac\u00e1n","description":"Medio de comunicaci\u00f3n impreso y digital al servicio de la regi\u00f3n lacustre y Michoac\u00e1n.","potentialAction":[{"@type":"SearchAction","target":{"@type":"EntryPoint","urlTemplate":"https:\/\/reflejodemichoacan.com\/?s={search_term_string}"},"query-input":"required name=search_term_string"}],"inLanguage":"es-MX"},{"@type":"ImageObject","@id":"https:\/\/reflejodemichoacan.com\/index.php\/2022\/10\/12\/inaugura-araceli-saucedo-reyes-calle-nayarit-en-la-comunidad-de-casas-blancas\/#primaryimage","inLanguage":"es-MX","url":"https:\/\/reflejodemichoacan.com\/wp-content\/uploads\/2022\/10\/Inaugura.jpg","contentUrl":"https:\/\/reflejodemichoacan.com\/wp-content\/uploads\/2022\/10\/Inaugura.jpg","width":960,"height":639},{"@type":"WebPage","@id":"https:\/\/reflejodemichoacan.com\/index.php\/2022\/10\/12\/inaugura-araceli-saucedo-reyes-calle-nayarit-en-la-comunidad-de-casas-blancas\/#webpage","url":"https:\/\/reflejodemichoacan.com\/index.php\/2022\/10\/12\/inaugura-araceli-saucedo-reyes-calle-nayarit-en-la-comunidad-de-casas-blancas\/","name":"Inaugura Araceli Saucedo Reyes calle Nayarit en la comunidad de Casas Blancas. - Reflejo de Michoac\u00e1n","isPartOf":{"@id":"https:\/\/reflejodemichoacan.com\/#website"},"primaryImageOfPage":{"@id":"https:\/\/reflejodemichoacan.com\/index.php\/2022\/10\/12\/inaugura-araceli-saucedo-reyes-calle-nayarit-en-la-comunidad-de-casas-blancas\/#primaryimage"},"datePublished":"2022-10-12T23:49:47+00:00","dateModified":"2022-10-12T23:49:50+00:00","author":{"@id":"https:\/\/reflejodemichoacan.com\/#\/schema\/person\/72d921e8fe99bd6e2e39bcde8995046f"},"breadcrumb":{"@id":"https:\/\/reflejodemichoacan.com\/index.php\/2022\/10\/12\/inaugura-araceli-saucedo-reyes-calle-nayarit-en-la-comunidad-de-casas-blancas\/#breadcrumb"},"inLanguage":"es-MX","potentialAction":[{"@type":"ReadAction","target":["https:\/\/reflejodemichoacan.com\/index.php\/2022\/10\/12\/inaugura-araceli-saucedo-reyes-calle-nayarit-en-la-comunidad-de-casas-blancas\/"]}]},{"@type":"BreadcrumbList","@id":"https:\/\/reflejodemichoacan.com\/index.php\/2022\/10\/12\/inaugura-araceli-saucedo-reyes-calle-nayarit-en-la-comunidad-de-casas-blancas\/#breadcrumb","itemListElement":[{"@type":"ListItem","position":1,"name":"Inicio","item":"https:\/\/reflejodemichoacan.com\/"},{"@type":"ListItem","position":2,"name":"Inaugura Araceli Saucedo Reyes calle Nayarit en la comunidad de Casas Blancas."}]},{"@type":"Person","@id":"https:\/\/reflejodemichoacan.com\/#\/schema\/person\/72d921e8fe99bd6e2e39bcde8995046f","name":"Aurora","image":{"@type":"ImageObject","@id":"https:\/\/reflejodemichoacan.com\/#personlogo","inLanguage":"es-MX","url":"https:\/\/secure.gravatar.com\/avatar\/df5ceb9b998be27b25dd258a6b4b0a95?s=96&d=mm&r=g","contentUrl":"https:\/\/secure.gravatar.com\/avatar\/df5ceb9b998be27b25dd258a6b4b0a95?s=96&d=mm&r=g","caption":"Aurora"},"sameAs":["http:\/\/reflejodemichoacan.com"],"url":"https:\/\/reflejodemichoacan.com\/index.php\/author\/rixwm7qvsq\/"}]}},"_links":{"self":[{"href":"https:\/\/reflejodemichoacan.com\/index.php\/wp-json\/wp\/v2\/posts\/9944"}],"collection":[{"href":"https:\/\/reflejodemichoacan.com\/index.php\/wp-json\/wp\/v2\/posts"}],"about":[{"href":"https:\/\/reflejodemichoacan.com\/index.php\/wp-json\/wp\/v2\/types\/post"}],"author":[{"embeddable":true,"href":"https:\/\/reflejodemichoacan.com\/index.php\/wp-json\/wp\/v2\/users\/1"}],"replies":[{"embeddable":true,"href":"https:\/\/reflejodemichoacan.com\/index.php\/wp-json\/wp\/v2\/comments?post=9944"}],"version-history":[{"count":1,"href":"https:\/\/reflejodemichoacan.com\/index.php\/wp-json\/wp\/v2\/posts\/9944\/revisions"}],"predecessor-version":[{"id":9946,"href":"https:\/\/reflejodemichoacan.com\/index.php\/wp-json\/wp\/v2\/posts\/9944\/revisions\/9946"}],"wp:featuredmedia":[{"embeddable":true,"href":"https:\/\/reflejodemichoacan.com\/index.php\/wp-json\/wp\/v2\/media\/9945"}],"wp:attachment":[{"href":"https:\/\/reflejodemichoacan.com\/index.php\/wp-json\/wp\/v2\/media?parent=9944"}],"wp:term":[{"taxonomy":"category","embeddable":true,"href":"https:\/\/reflejodemichoacan.com\/index.php\/wp-json\/wp\/v2\/categories?post=9944"},{"taxonomy":"post_tag","embeddable":true,"href":"https:\/\/reflejodemichoacan.com\/index.php\/wp-json\/wp\/v2\/tags?post=9944"}],"curies":[{"name":"wp","href":"https:\/\/api.w.org\/{rel}","templated":true}]}}