{"id":9950,"date":"2022-10-12T23:55:33","date_gmt":"2022-10-12T23:55:33","guid":{"rendered":"https:\/\/reflejodemichoacan.com\/?p=9950"},"modified":"2022-10-12T23:55:38","modified_gmt":"2022-10-12T23:55:38","slug":"que-sea-michoacan-epicentro-de-la-prevencion-de-desastres-por-sismos","status":"publish","type":"post","link":"https:\/\/reflejodemichoacan.com\/index.php\/2022\/10\/12\/que-sea-michoacan-epicentro-de-la-prevencion-de-desastres-por-sismos\/","title":{"rendered":"Que sea Michoac\u00e1n epicentro de la prevenci\u00f3n de desastres por sismos"},"content":{"rendered":"\n<p>\u2022 Exhorta 75 Legislatura al Ejecutivo estatal a firmar acuerdo de colaboraci\u00f3n que permita mejorar el sistema para alertar a la Ciudad de M\u00e9xico de posibles sismos ocurridos en el Estado<br>Morelia, Michoac\u00e1n, 12 de octubre de 2022.- El Pleno de la 75 Legislatura aprob\u00f3 un punto de acuerdo para exhortar al Titular del Poder Ejecutivo, a que firme un convenio de colaboraci\u00f3n que permita mejorar el sistema para alertar a la Ciudad de M\u00e9xico de posibles sismos ocurridos en Michoac\u00e1n.<br>La propuesta de Acuerdo presentada por la diputada Gloria Tapia Reyes, aprobada con el car\u00e1cter de urgente y obvia resoluci\u00f3n, refiere que, por su ubicaci\u00f3n geogr\u00e1fica, Michoac\u00e1n forma parte de una de las zonas con m\u00e1s alta actividad s\u00edsmica del pa\u00eds, donde se han generado sismos hist\u00f3ricos de m\u00e1s de 8.0 grados de magnitud.<br>En tribuna, la legisladora indic\u00f3 que \u201ca ra\u00edz del sismo de magnitud 7.4 grados Richter localizado a 63 kil\u00f3metros de Coalcom\u00e1n, se ha dejado en evidencia que las personas que se encuentran m\u00e1s cercanas a la llamada brecha de Michoac\u00e1n, que es la zona m\u00e1s s\u00edsmica del estado, son precisamente las m\u00e1s susceptibles de recibir los da\u00f1os\u201d.\u00a0<br>\u201cPor lo tanto, Michoac\u00e1n debe estar a la altura de los requerimientos de la gente y la sociedad, por lo que se deben instalar los instrumentos necesarios a fin de salvaguardar su integridad f\u00edsica y darles el tiempo necesario a ponerse a salvo de cualquier contingencia s\u00edsmica\u201d, expres\u00f3.<br>En ese sentido, coment\u00f3 que resulta indispensable la instalaci\u00f3n de m\u00e1s alarmas s\u00edsmicas en el Estado, dando prioridad a las zonas m\u00e1s cercanas a donde suceden los epicentros para que las personas puedan salvaguardar su integridad f\u00edsica.<br>Aunado a esto, se exhort\u00f3 al Gobierno del Estado para que firme un Convenio de colaboraci\u00f3n con la Red S\u00edsmica Mexicana (RSM); la Secretar\u00eda de Gobernaci\u00f3n; la Coordinaci\u00f3n General de Protecci\u00f3n Civil; el Centro Nacional de Prevenci\u00f3n de Desastres (CENAPRED y el Centro de Instrumentaci\u00f3n y Registro Sismol\u00f3gico A. C. (CIRES), con la finalidad de que el Sistema estatal de Alerta S\u00edsmica sea utilizado para alertar a la Ciudad de M\u00e9xico de temblores fuertes ocurridos en Michoac\u00e1n, y que pudieran tener un impacto en la capital del pa\u00eds.<\/p>\n","protected":false},"excerpt":{"rendered":"<p>\u2022 Exhorta 75 Legislatura al Ejecutivo estatal a firmar acuerdo de colaboraci\u00f3n que permita mejorar el sistema para alertar a la Ciudad de M\u00e9xico de posibles sismos ocurridos en el EstadoMorelia, Michoac\u00e1n, 12 de octubre de 2022.- El Pleno de la 75 Legislatura aprob\u00f3 un punto de acuerdo para exhortar al Titular del Poder Ejecutivo, [&hellip;]<\/p>\n","protected":false},"author":1,"featured_media":9951,"comment_status":"open","ping_status":"closed","sticky":false,"template":"","format":"standard","meta":[],"categories":[1],"tags":[],"yoast_head":"<!-- This site is optimized with the Yoast SEO plugin v17.9 - https:\/\/yoast.com\/wordpress\/plugins\/seo\/ -->\n<title>Que sea Michoac\u00e1n epicentro de la prevenci\u00f3n de desastres por sismos - Reflejo de Michoac\u00e1n<\/title>\n<meta name=\"robots\" content=\"index, follow, max-snippet:-1, max-image-preview:large, max-video-preview:-1\" \/>\n<link rel=\"canonical\" href=\"https:\/\/reflejodemichoacan.com\/index.php\/2022\/10\/12\/que-sea-michoacan-epicentro-de-la-prevencion-de-desastres-por-sismos\/\" \/>\n<meta property=\"og:locale\" content=\"es_MX\" \/>\n<meta property=\"og:type\" content=\"article\" \/>\n<meta property=\"og:title\" content=\"Que sea Michoac\u00e1n epicentro de la prevenci\u00f3n de desastres por sismos - Reflejo de Michoac\u00e1n\" \/>\n<meta property=\"og:description\" content=\"\u2022 Exhorta 75 Legislatura al Ejecutivo estatal a firmar acuerdo de colaboraci\u00f3n que permita mejorar el sistema para alertar a la Ciudad de M\u00e9xico de posibles sismos ocurridos en el EstadoMorelia, Michoac\u00e1n, 12 de octubre de 2022.- El Pleno de la 75 Legislatura aprob\u00f3 un punto de acuerdo para exhortar al Titular del Poder Ejecutivo, [&hellip;]\" \/>\n<meta property=\"og:url\" content=\"https:\/\/reflejodemichoacan.com\/index.php\/2022\/10\/12\/que-sea-michoacan-epicentro-de-la-prevencion-de-desastres-por-sismos\/\" \/>\n<meta property=\"og:site_name\" content=\"Reflejo de Michoac\u00e1n\" \/>\n<meta property=\"article:published_time\" content=\"2022-10-12T23:55:33+00:00\" \/>\n<meta property=\"article:modified_time\" content=\"2022-10-12T23:55:38+00:00\" \/>\n<meta property=\"og:image\" content=\"https:\/\/reflejodemichoacan.com\/wp-content\/uploads\/2022\/10\/mich.jpg\" \/>\n\t<meta property=\"og:image:width\" content=\"1024\" \/>\n\t<meta property=\"og:image:height\" content=\"682\" \/>\n\t<meta property=\"og:image:type\" content=\"image\/jpeg\" \/>\n<meta name=\"twitter:card\" content=\"summary_large_image\" \/>\n<meta name=\"twitter:label1\" content=\"Escrito por\" \/>\n\t<meta name=\"twitter:data1\" content=\"Aurora\" \/>\n\t<meta name=\"twitter:label2\" content=\"Tiempo de lectura\" \/>\n\t<meta name=\"twitter:data2\" content=\"2 minutos\" \/>\n<script type=\"application\/ld+json\" class=\"yoast-schema-graph\">{\"@context\":\"https:\/\/schema.org\",\"@graph\":[{\"@type\":\"WebSite\",\"@id\":\"https:\/\/reflejodemichoacan.com\/#website\",\"url\":\"https:\/\/reflejodemichoacan.com\/\",\"name\":\"Reflejo de Michoac\\u00e1n\",\"description\":\"Medio de comunicaci\\u00f3n impreso y digital al servicio de la regi\\u00f3n lacustre y Michoac\\u00e1n.\",\"potentialAction\":[{\"@type\":\"SearchAction\",\"target\":{\"@type\":\"EntryPoint\",\"urlTemplate\":\"https:\/\/reflejodemichoacan.com\/?s={search_term_string}\"},\"query-input\":\"required name=search_term_string\"}],\"inLanguage\":\"es-MX\"},{\"@type\":\"ImageObject\",\"@id\":\"https:\/\/reflejodemichoacan.com\/index.php\/2022\/10\/12\/que-sea-michoacan-epicentro-de-la-prevencion-de-desastres-por-sismos\/#primaryimage\",\"inLanguage\":\"es-MX\",\"url\":\"https:\/\/reflejodemichoacan.com\/wp-content\/uploads\/2022\/10\/mich.jpg\",\"contentUrl\":\"https:\/\/reflejodemichoacan.com\/wp-content\/uploads\/2022\/10\/mich.jpg\",\"width\":1024,\"height\":682},{\"@type\":\"WebPage\",\"@id\":\"https:\/\/reflejodemichoacan.com\/index.php\/2022\/10\/12\/que-sea-michoacan-epicentro-de-la-prevencion-de-desastres-por-sismos\/#webpage\",\"url\":\"https:\/\/reflejodemichoacan.com\/index.php\/2022\/10\/12\/que-sea-michoacan-epicentro-de-la-prevencion-de-desastres-por-sismos\/\",\"name\":\"Que sea Michoac\\u00e1n epicentro de la prevenci\\u00f3n de desastres por sismos - Reflejo de Michoac\\u00e1n\",\"isPartOf\":{\"@id\":\"https:\/\/reflejodemichoacan.com\/#website\"},\"primaryImageOfPage\":{\"@id\":\"https:\/\/reflejodemichoacan.com\/index.php\/2022\/10\/12\/que-sea-michoacan-epicentro-de-la-prevencion-de-desastres-por-sismos\/#primaryimage\"},\"datePublished\":\"2022-10-12T23:55:33+00:00\",\"dateModified\":\"2022-10-12T23:55:38+00:00\",\"author\":{\"@id\":\"https:\/\/reflejodemichoacan.com\/#\/schema\/person\/72d921e8fe99bd6e2e39bcde8995046f\"},\"breadcrumb\":{\"@id\":\"https:\/\/reflejodemichoacan.com\/index.php\/2022\/10\/12\/que-sea-michoacan-epicentro-de-la-prevencion-de-desastres-por-sismos\/#breadcrumb\"},\"inLanguage\":\"es-MX\",\"potentialAction\":[{\"@type\":\"ReadAction\",\"target\":[\"https:\/\/reflejodemichoacan.com\/index.php\/2022\/10\/12\/que-sea-michoacan-epicentro-de-la-prevencion-de-desastres-por-sismos\/\"]}]},{\"@type\":\"BreadcrumbList\",\"@id\":\"https:\/\/reflejodemichoacan.com\/index.php\/2022\/10\/12\/que-sea-michoacan-epicentro-de-la-prevencion-de-desastres-por-sismos\/#breadcrumb\",\"itemListElement\":[{\"@type\":\"ListItem\",\"position\":1,\"name\":\"Inicio\",\"item\":\"https:\/\/reflejodemichoacan.com\/\"},{\"@type\":\"ListItem\",\"position\":2,\"name\":\"Que sea Michoac\\u00e1n epicentro de la prevenci\\u00f3n de desastres por sismos\"}]},{\"@type\":\"Person\",\"@id\":\"https:\/\/reflejodemichoacan.com\/#\/schema\/person\/72d921e8fe99bd6e2e39bcde8995046f\",\"name\":\"Aurora\",\"image\":{\"@type\":\"ImageObject\",\"@id\":\"https:\/\/reflejodemichoacan.com\/#personlogo\",\"inLanguage\":\"es-MX\",\"url\":\"https:\/\/secure.gravatar.com\/avatar\/df5ceb9b998be27b25dd258a6b4b0a95?s=96&d=mm&r=g\",\"contentUrl\":\"https:\/\/secure.gravatar.com\/avatar\/df5ceb9b998be27b25dd258a6b4b0a95?s=96&d=mm&r=g\",\"caption\":\"Aurora\"},\"sameAs\":[\"http:\/\/reflejodemichoacan.com\"],\"url\":\"https:\/\/reflejodemichoacan.com\/index.php\/author\/rixwm7qvsq\/\"}]}<\/script>\n<!-- \/ Yoast SEO plugin. -->","yoast_head_json":{"title":"Que sea Michoac\u00e1n epicentro de la prevenci\u00f3n de desastres por sismos - Reflejo de Michoac\u00e1n","robots":{"index":"index","follow":"follow","max-snippet":"max-snippet:-1","max-image-preview":"max-image-preview:large","max-video-preview":"max-video-preview:-1"},"canonical":"https:\/\/reflejodemichoacan.com\/index.php\/2022\/10\/12\/que-sea-michoacan-epicentro-de-la-prevencion-de-desastres-por-sismos\/","og_locale":"es_MX","og_type":"article","og_title":"Que sea Michoac\u00e1n epicentro de la prevenci\u00f3n de desastres por sismos - Reflejo de Michoac\u00e1n","og_description":"\u2022 Exhorta 75 Legislatura al Ejecutivo estatal a firmar acuerdo de colaboraci\u00f3n que permita mejorar el sistema para alertar a la Ciudad de M\u00e9xico de posibles sismos ocurridos en el EstadoMorelia, Michoac\u00e1n, 12 de octubre de 2022.- El Pleno de la 75 Legislatura aprob\u00f3 un punto de acuerdo para exhortar al Titular del Poder Ejecutivo, [&hellip;]","og_url":"https:\/\/reflejodemichoacan.com\/index.php\/2022\/10\/12\/que-sea-michoacan-epicentro-de-la-prevencion-de-desastres-por-sismos\/","og_site_name":"Reflejo de Michoac\u00e1n","article_published_time":"2022-10-12T23:55:33+00:00","article_modified_time":"2022-10-12T23:55:38+00:00","og_image":[{"width":1024,"height":682,"url":"https:\/\/reflejodemichoacan.com\/wp-content\/uploads\/2022\/10\/mich.jpg","type":"image\/jpeg"}],"twitter_card":"summary_large_image","twitter_misc":{"Escrito por":"Aurora","Tiempo de lectura":"2 minutos"},"schema":{"@context":"https:\/\/schema.org","@graph":[{"@type":"WebSite","@id":"https:\/\/reflejodemichoacan.com\/#website","url":"https:\/\/reflejodemichoacan.com\/","name":"Reflejo de Michoac\u00e1n","description":"Medio de comunicaci\u00f3n impreso y digital al servicio de la regi\u00f3n lacustre y Michoac\u00e1n.","potentialAction":[{"@type":"SearchAction","target":{"@type":"EntryPoint","urlTemplate":"https:\/\/reflejodemichoacan.com\/?s={search_term_string}"},"query-input":"required name=search_term_string"}],"inLanguage":"es-MX"},{"@type":"ImageObject","@id":"https:\/\/reflejodemichoacan.com\/index.php\/2022\/10\/12\/que-sea-michoacan-epicentro-de-la-prevencion-de-desastres-por-sismos\/#primaryimage","inLanguage":"es-MX","url":"https:\/\/reflejodemichoacan.com\/wp-content\/uploads\/2022\/10\/mich.jpg","contentUrl":"https:\/\/reflejodemichoacan.com\/wp-content\/uploads\/2022\/10\/mich.jpg","width":1024,"height":682},{"@type":"WebPage","@id":"https:\/\/reflejodemichoacan.com\/index.php\/2022\/10\/12\/que-sea-michoacan-epicentro-de-la-prevencion-de-desastres-por-sismos\/#webpage","url":"https:\/\/reflejodemichoacan.com\/index.php\/2022\/10\/12\/que-sea-michoacan-epicentro-de-la-prevencion-de-desastres-por-sismos\/","name":"Que sea Michoac\u00e1n epicentro de la prevenci\u00f3n de desastres por sismos - Reflejo de Michoac\u00e1n","isPartOf":{"@id":"https:\/\/reflejodemichoacan.com\/#website"},"primaryImageOfPage":{"@id":"https:\/\/reflejodemichoacan.com\/index.php\/2022\/10\/12\/que-sea-michoacan-epicentro-de-la-prevencion-de-desastres-por-sismos\/#primaryimage"},"datePublished":"2022-10-12T23:55:33+00:00","dateModified":"2022-10-12T23:55:38+00:00","author":{"@id":"https:\/\/reflejodemichoacan.com\/#\/schema\/person\/72d921e8fe99bd6e2e39bcde8995046f"},"breadcrumb":{"@id":"https:\/\/reflejodemichoacan.com\/index.php\/2022\/10\/12\/que-sea-michoacan-epicentro-de-la-prevencion-de-desastres-por-sismos\/#breadcrumb"},"inLanguage":"es-MX","potentialAction":[{"@type":"ReadAction","target":["https:\/\/reflejodemichoacan.com\/index.php\/2022\/10\/12\/que-sea-michoacan-epicentro-de-la-prevencion-de-desastres-por-sismos\/"]}]},{"@type":"BreadcrumbList","@id":"https:\/\/reflejodemichoacan.com\/index.php\/2022\/10\/12\/que-sea-michoacan-epicentro-de-la-prevencion-de-desastres-por-sismos\/#breadcrumb","itemListElement":[{"@type":"ListItem","position":1,"name":"Inicio","item":"https:\/\/reflejodemichoacan.com\/"},{"@type":"ListItem","position":2,"name":"Que sea Michoac\u00e1n epicentro de la prevenci\u00f3n de desastres por sismos"}]},{"@type":"Person","@id":"https:\/\/reflejodemichoacan.com\/#\/schema\/person\/72d921e8fe99bd6e2e39bcde8995046f","name":"Aurora","image":{"@type":"ImageObject","@id":"https:\/\/reflejodemichoacan.com\/#personlogo","inLanguage":"es-MX","url":"https:\/\/secure.gravatar.com\/avatar\/df5ceb9b998be27b25dd258a6b4b0a95?s=96&d=mm&r=g","contentUrl":"https:\/\/secure.gravatar.com\/avatar\/df5ceb9b998be27b25dd258a6b4b0a95?s=96&d=mm&r=g","caption":"Aurora"},"sameAs":["http:\/\/reflejodemichoacan.com"],"url":"https:\/\/reflejodemichoacan.com\/index.php\/author\/rixwm7qvsq\/"}]}},"_links":{"self":[{"href":"https:\/\/reflejodemichoacan.com\/index.php\/wp-json\/wp\/v2\/posts\/9950"}],"collection":[{"href":"https:\/\/reflejodemichoacan.com\/index.php\/wp-json\/wp\/v2\/posts"}],"about":[{"href":"https:\/\/reflejodemichoacan.com\/index.php\/wp-json\/wp\/v2\/types\/post"}],"author":[{"embeddable":true,"href":"https:\/\/reflejodemichoacan.com\/index.php\/wp-json\/wp\/v2\/users\/1"}],"replies":[{"embeddable":true,"href":"https:\/\/reflejodemichoacan.com\/index.php\/wp-json\/wp\/v2\/comments?post=9950"}],"version-history":[{"count":1,"href":"https:\/\/reflejodemichoacan.com\/index.php\/wp-json\/wp\/v2\/posts\/9950\/revisions"}],"predecessor-version":[{"id":9952,"href":"https:\/\/reflejodemichoacan.com\/index.php\/wp-json\/wp\/v2\/posts\/9950\/revisions\/9952"}],"wp:featuredmedia":[{"embeddable":true,"href":"https:\/\/reflejodemichoacan.com\/index.php\/wp-json\/wp\/v2\/media\/9951"}],"wp:attachment":[{"href":"https:\/\/reflejodemichoacan.com\/index.php\/wp-json\/wp\/v2\/media?parent=9950"}],"wp:term":[{"taxonomy":"category","embeddable":true,"href":"https:\/\/reflejodemichoacan.com\/index.php\/wp-json\/wp\/v2\/categories?post=9950"},{"taxonomy":"post_tag","embeddable":true,"href":"https:\/\/reflejodemichoacan.com\/index.php\/wp-json\/wp\/v2\/tags?post=9950"}],"curies":[{"name":"wp","href":"https:\/\/api.w.org\/{rel}","templated":true}]}}