{"id":9956,"date":"2022-10-13T00:01:24","date_gmt":"2022-10-13T00:01:24","guid":{"rendered":"https:\/\/reflejodemichoacan.com\/?p=9956"},"modified":"2022-10-13T00:01:26","modified_gmt":"2022-10-13T00:01:26","slug":"necesario-fortalecer-el-combate-al-sobrepeso-infantil-75-legislatura","status":"publish","type":"post","link":"https:\/\/reflejodemichoacan.com\/index.php\/2022\/10\/13\/necesario-fortalecer-el-combate-al-sobrepeso-infantil-75-legislatura\/","title":{"rendered":"Necesario fortalecer el combate al sobrepeso infantil: 75 Legislatura"},"content":{"rendered":"\n<p>* Aprueban las y los diputados enviar al Congreso de la Uni\u00f3n iniciativa de reforma a la Ley General de los Derechos de Ni\u00f1as, Ni\u00f1os y Adolescentes.<br>Morelia, Michoac\u00e1n, a 12 de octubre de 2022.- El Pleno de la 75 Legislatura de Michoac\u00e1n se pronunci\u00f3 a favor de fortalecer el combate a la obesidad infantil y la protecci\u00f3n de la salud de ni\u00f1as, ni\u00f1os y adolescentes.<br>Por ello, el Pleno aprob\u00f3 el acuerdo para presentar ante la C\u00e1mara de Diputados del Congreso de la Uni\u00f3n, una iniciativa de reforma a la Ley General de los Derechos de Ni\u00f1as, Ni\u00f1os y Adolescentes, que tiene como objetivo regular el consumo de alimentos o bebidas de poco valor nutricional que puedan repercutir negativamente en la salud de la poblaci\u00f3n infantil.\u00a0<br>La propuesta dictaminada por las y los integrantes de la Comisi\u00f3n de Puntos Constitucionales, expone que, en los \u00faltimos a\u00f1os, el sobrepeso y la obesidad infantil constituyen graves problemas de salud, al ser factores de riesgo para diversos padecimientos como la diabetes tipo II, hipertensi\u00f3n, enfermedades cardiovasculares y algunos tipos de c\u00e1ncer.\u00a0<br>As\u00ed, de acuerdo a datos proporcionados por el Instituto Nacional de Estad\u00edstica y Geograf\u00eda, en el a\u00f1o 2018, el 22 por ciento de las ni\u00f1as y los ni\u00f1os menores de 5 a\u00f1os, se encontraron en riesgo de padecer sobrepeso; as\u00ed mismo, la Encuesta de Salud y Nutrici\u00f3n, refiere que el 18 por ciento de la poblaci\u00f3n de 5 a 11 a\u00f1os tiene sobrepeso y va en incremento conforme aumenta la edad de la persona.\u00a0<br>Con ese prop\u00f3sito, se pretende que el Estado brinde seguridad alimentaria a las ni\u00f1as, ni\u00f1os y adolescentes, mediante la difusi\u00f3n de temas concernientes a la nutrici\u00f3n saludable; adem\u00e1s de impulsar medidas para prevenir, controlar y eliminar ambientes obesog\u00e9nicos que han propiciado el incremento del sobrepeso y obesidad infantil.<br>Adem\u00e1s, se plantea la necesidad de impulsar la actividad f\u00edsica y el reducir h\u00e1bitos sedentarios entre la poblaci\u00f3n infantil; brindar apoyos alimentarios priorizando en lo posible la entrega de frutas, verduras y alimentos de origen animal o cualquier otro que contribuyan a la ingesta diaria recomendada de micronutrientes.<br>Aunado a ello, para establecer entornos alimentarios saludables, se propone prohibir la venta de alimentos y bebidas con alto contenido de az\u00facares, grasas o sales, a los menores de edad, sin el acompa\u00f1amiento de un adulto responsable de vigilar su moderado consumo e ingesta.<br>El dictamen refiere que, el contenido de la propuesta de reforma, obedece a los par\u00e1metros que establece la Constituci\u00f3n General y los Tratados Internacionales; por lo tanto, se estima que el estudio y discusi\u00f3n que realice el Congreso de la Uni\u00f3n, y de su eventual aprobaci\u00f3n, permitir\u00e1 aplicar est\u00e1ndares alimenticios nutricionales y pol\u00edticas p\u00fablicas encaminadas a prevenir el consumo de alimentos o bebidas da\u00f1inos para la salud de las ni\u00f1as, ni\u00f1os y adolescentes en M\u00e9xico.<\/p>\n","protected":false},"excerpt":{"rendered":"<p>* Aprueban las y los diputados enviar al Congreso de la Uni\u00f3n iniciativa de reforma a la Ley General de los Derechos de Ni\u00f1as, Ni\u00f1os y Adolescentes.Morelia, Michoac\u00e1n, a 12 de octubre de 2022.- El Pleno de la 75 Legislatura de Michoac\u00e1n se pronunci\u00f3 a favor de fortalecer el combate a la obesidad infantil y [&hellip;]<\/p>\n","protected":false},"author":1,"featured_media":9957,"comment_status":"open","ping_status":"closed","sticky":false,"template":"","format":"standard","meta":[],"categories":[1],"tags":[],"yoast_head":"<!-- This site is optimized with the Yoast SEO plugin v17.9 - https:\/\/yoast.com\/wordpress\/plugins\/seo\/ -->\n<title>Necesario fortalecer el combate al sobrepeso infantil: 75 Legislatura - Reflejo de Michoac\u00e1n<\/title>\n<meta name=\"robots\" content=\"index, follow, max-snippet:-1, max-image-preview:large, max-video-preview:-1\" \/>\n<link rel=\"canonical\" href=\"https:\/\/reflejodemichoacan.com\/index.php\/2022\/10\/13\/necesario-fortalecer-el-combate-al-sobrepeso-infantil-75-legislatura\/\" \/>\n<meta property=\"og:locale\" content=\"es_MX\" \/>\n<meta property=\"og:type\" content=\"article\" \/>\n<meta property=\"og:title\" content=\"Necesario fortalecer el combate al sobrepeso infantil: 75 Legislatura - Reflejo de Michoac\u00e1n\" \/>\n<meta property=\"og:description\" content=\"* Aprueban las y los diputados enviar al Congreso de la Uni\u00f3n iniciativa de reforma a la Ley General de los Derechos de Ni\u00f1as, Ni\u00f1os y Adolescentes.Morelia, Michoac\u00e1n, a 12 de octubre de 2022.- El Pleno de la 75 Legislatura de Michoac\u00e1n se pronunci\u00f3 a favor de fortalecer el combate a la obesidad infantil y [&hellip;]\" \/>\n<meta property=\"og:url\" content=\"https:\/\/reflejodemichoacan.com\/index.php\/2022\/10\/13\/necesario-fortalecer-el-combate-al-sobrepeso-infantil-75-legislatura\/\" \/>\n<meta property=\"og:site_name\" content=\"Reflejo de Michoac\u00e1n\" \/>\n<meta property=\"article:published_time\" content=\"2022-10-13T00:01:24+00:00\" \/>\n<meta property=\"article:modified_time\" content=\"2022-10-13T00:01:26+00:00\" \/>\n<meta property=\"og:image\" content=\"https:\/\/reflejodemichoacan.com\/wp-content\/uploads\/2022\/10\/NECESARIO.jpg\" \/>\n\t<meta property=\"og:image:width\" content=\"1024\" \/>\n\t<meta property=\"og:image:height\" content=\"682\" \/>\n\t<meta property=\"og:image:type\" content=\"image\/jpeg\" \/>\n<meta name=\"twitter:card\" content=\"summary_large_image\" \/>\n<meta name=\"twitter:label1\" content=\"Escrito por\" \/>\n\t<meta name=\"twitter:data1\" content=\"Aurora\" \/>\n\t<meta name=\"twitter:label2\" content=\"Tiempo de lectura\" \/>\n\t<meta name=\"twitter:data2\" content=\"3 minutos\" \/>\n<script type=\"application\/ld+json\" class=\"yoast-schema-graph\">{\"@context\":\"https:\/\/schema.org\",\"@graph\":[{\"@type\":\"WebSite\",\"@id\":\"https:\/\/reflejodemichoacan.com\/#website\",\"url\":\"https:\/\/reflejodemichoacan.com\/\",\"name\":\"Reflejo de Michoac\\u00e1n\",\"description\":\"Medio de comunicaci\\u00f3n impreso y digital al servicio de la regi\\u00f3n lacustre y Michoac\\u00e1n.\",\"potentialAction\":[{\"@type\":\"SearchAction\",\"target\":{\"@type\":\"EntryPoint\",\"urlTemplate\":\"https:\/\/reflejodemichoacan.com\/?s={search_term_string}\"},\"query-input\":\"required name=search_term_string\"}],\"inLanguage\":\"es-MX\"},{\"@type\":\"ImageObject\",\"@id\":\"https:\/\/reflejodemichoacan.com\/index.php\/2022\/10\/13\/necesario-fortalecer-el-combate-al-sobrepeso-infantil-75-legislatura\/#primaryimage\",\"inLanguage\":\"es-MX\",\"url\":\"https:\/\/reflejodemichoacan.com\/wp-content\/uploads\/2022\/10\/NECESARIO.jpg\",\"contentUrl\":\"https:\/\/reflejodemichoacan.com\/wp-content\/uploads\/2022\/10\/NECESARIO.jpg\",\"width\":1024,\"height\":682},{\"@type\":\"WebPage\",\"@id\":\"https:\/\/reflejodemichoacan.com\/index.php\/2022\/10\/13\/necesario-fortalecer-el-combate-al-sobrepeso-infantil-75-legislatura\/#webpage\",\"url\":\"https:\/\/reflejodemichoacan.com\/index.php\/2022\/10\/13\/necesario-fortalecer-el-combate-al-sobrepeso-infantil-75-legislatura\/\",\"name\":\"Necesario fortalecer el combate al sobrepeso infantil: 75 Legislatura - Reflejo de Michoac\\u00e1n\",\"isPartOf\":{\"@id\":\"https:\/\/reflejodemichoacan.com\/#website\"},\"primaryImageOfPage\":{\"@id\":\"https:\/\/reflejodemichoacan.com\/index.php\/2022\/10\/13\/necesario-fortalecer-el-combate-al-sobrepeso-infantil-75-legislatura\/#primaryimage\"},\"datePublished\":\"2022-10-13T00:01:24+00:00\",\"dateModified\":\"2022-10-13T00:01:26+00:00\",\"author\":{\"@id\":\"https:\/\/reflejodemichoacan.com\/#\/schema\/person\/72d921e8fe99bd6e2e39bcde8995046f\"},\"breadcrumb\":{\"@id\":\"https:\/\/reflejodemichoacan.com\/index.php\/2022\/10\/13\/necesario-fortalecer-el-combate-al-sobrepeso-infantil-75-legislatura\/#breadcrumb\"},\"inLanguage\":\"es-MX\",\"potentialAction\":[{\"@type\":\"ReadAction\",\"target\":[\"https:\/\/reflejodemichoacan.com\/index.php\/2022\/10\/13\/necesario-fortalecer-el-combate-al-sobrepeso-infantil-75-legislatura\/\"]}]},{\"@type\":\"BreadcrumbList\",\"@id\":\"https:\/\/reflejodemichoacan.com\/index.php\/2022\/10\/13\/necesario-fortalecer-el-combate-al-sobrepeso-infantil-75-legislatura\/#breadcrumb\",\"itemListElement\":[{\"@type\":\"ListItem\",\"position\":1,\"name\":\"Inicio\",\"item\":\"https:\/\/reflejodemichoacan.com\/\"},{\"@type\":\"ListItem\",\"position\":2,\"name\":\"Necesario fortalecer el combate al sobrepeso infantil: 75 Legislatura\"}]},{\"@type\":\"Person\",\"@id\":\"https:\/\/reflejodemichoacan.com\/#\/schema\/person\/72d921e8fe99bd6e2e39bcde8995046f\",\"name\":\"Aurora\",\"image\":{\"@type\":\"ImageObject\",\"@id\":\"https:\/\/reflejodemichoacan.com\/#personlogo\",\"inLanguage\":\"es-MX\",\"url\":\"https:\/\/secure.gravatar.com\/avatar\/df5ceb9b998be27b25dd258a6b4b0a95?s=96&d=mm&r=g\",\"contentUrl\":\"https:\/\/secure.gravatar.com\/avatar\/df5ceb9b998be27b25dd258a6b4b0a95?s=96&d=mm&r=g\",\"caption\":\"Aurora\"},\"sameAs\":[\"http:\/\/reflejodemichoacan.com\"],\"url\":\"https:\/\/reflejodemichoacan.com\/index.php\/author\/rixwm7qvsq\/\"}]}<\/script>\n<!-- \/ Yoast SEO plugin. -->","yoast_head_json":{"title":"Necesario fortalecer el combate al sobrepeso infantil: 75 Legislatura - Reflejo de Michoac\u00e1n","robots":{"index":"index","follow":"follow","max-snippet":"max-snippet:-1","max-image-preview":"max-image-preview:large","max-video-preview":"max-video-preview:-1"},"canonical":"https:\/\/reflejodemichoacan.com\/index.php\/2022\/10\/13\/necesario-fortalecer-el-combate-al-sobrepeso-infantil-75-legislatura\/","og_locale":"es_MX","og_type":"article","og_title":"Necesario fortalecer el combate al sobrepeso infantil: 75 Legislatura - Reflejo de Michoac\u00e1n","og_description":"* Aprueban las y los diputados enviar al Congreso de la Uni\u00f3n iniciativa de reforma a la Ley General de los Derechos de Ni\u00f1as, Ni\u00f1os y Adolescentes.Morelia, Michoac\u00e1n, a 12 de octubre de 2022.- El Pleno de la 75 Legislatura de Michoac\u00e1n se pronunci\u00f3 a favor de fortalecer el combate a la obesidad infantil y [&hellip;]","og_url":"https:\/\/reflejodemichoacan.com\/index.php\/2022\/10\/13\/necesario-fortalecer-el-combate-al-sobrepeso-infantil-75-legislatura\/","og_site_name":"Reflejo de Michoac\u00e1n","article_published_time":"2022-10-13T00:01:24+00:00","article_modified_time":"2022-10-13T00:01:26+00:00","og_image":[{"width":1024,"height":682,"url":"https:\/\/reflejodemichoacan.com\/wp-content\/uploads\/2022\/10\/NECESARIO.jpg","type":"image\/jpeg"}],"twitter_card":"summary_large_image","twitter_misc":{"Escrito por":"Aurora","Tiempo de lectura":"3 minutos"},"schema":{"@context":"https:\/\/schema.org","@graph":[{"@type":"WebSite","@id":"https:\/\/reflejodemichoacan.com\/#website","url":"https:\/\/reflejodemichoacan.com\/","name":"Reflejo de Michoac\u00e1n","description":"Medio de comunicaci\u00f3n impreso y digital al servicio de la regi\u00f3n lacustre y Michoac\u00e1n.","potentialAction":[{"@type":"SearchAction","target":{"@type":"EntryPoint","urlTemplate":"https:\/\/reflejodemichoacan.com\/?s={search_term_string}"},"query-input":"required name=search_term_string"}],"inLanguage":"es-MX"},{"@type":"ImageObject","@id":"https:\/\/reflejodemichoacan.com\/index.php\/2022\/10\/13\/necesario-fortalecer-el-combate-al-sobrepeso-infantil-75-legislatura\/#primaryimage","inLanguage":"es-MX","url":"https:\/\/reflejodemichoacan.com\/wp-content\/uploads\/2022\/10\/NECESARIO.jpg","contentUrl":"https:\/\/reflejodemichoacan.com\/wp-content\/uploads\/2022\/10\/NECESARIO.jpg","width":1024,"height":682},{"@type":"WebPage","@id":"https:\/\/reflejodemichoacan.com\/index.php\/2022\/10\/13\/necesario-fortalecer-el-combate-al-sobrepeso-infantil-75-legislatura\/#webpage","url":"https:\/\/reflejodemichoacan.com\/index.php\/2022\/10\/13\/necesario-fortalecer-el-combate-al-sobrepeso-infantil-75-legislatura\/","name":"Necesario fortalecer el combate al sobrepeso infantil: 75 Legislatura - Reflejo de Michoac\u00e1n","isPartOf":{"@id":"https:\/\/reflejodemichoacan.com\/#website"},"primaryImageOfPage":{"@id":"https:\/\/reflejodemichoacan.com\/index.php\/2022\/10\/13\/necesario-fortalecer-el-combate-al-sobrepeso-infantil-75-legislatura\/#primaryimage"},"datePublished":"2022-10-13T00:01:24+00:00","dateModified":"2022-10-13T00:01:26+00:00","author":{"@id":"https:\/\/reflejodemichoacan.com\/#\/schema\/person\/72d921e8fe99bd6e2e39bcde8995046f"},"breadcrumb":{"@id":"https:\/\/reflejodemichoacan.com\/index.php\/2022\/10\/13\/necesario-fortalecer-el-combate-al-sobrepeso-infantil-75-legislatura\/#breadcrumb"},"inLanguage":"es-MX","potentialAction":[{"@type":"ReadAction","target":["https:\/\/reflejodemichoacan.com\/index.php\/2022\/10\/13\/necesario-fortalecer-el-combate-al-sobrepeso-infantil-75-legislatura\/"]}]},{"@type":"BreadcrumbList","@id":"https:\/\/reflejodemichoacan.com\/index.php\/2022\/10\/13\/necesario-fortalecer-el-combate-al-sobrepeso-infantil-75-legislatura\/#breadcrumb","itemListElement":[{"@type":"ListItem","position":1,"name":"Inicio","item":"https:\/\/reflejodemichoacan.com\/"},{"@type":"ListItem","position":2,"name":"Necesario fortalecer el combate al sobrepeso infantil: 75 Legislatura"}]},{"@type":"Person","@id":"https:\/\/reflejodemichoacan.com\/#\/schema\/person\/72d921e8fe99bd6e2e39bcde8995046f","name":"Aurora","image":{"@type":"ImageObject","@id":"https:\/\/reflejodemichoacan.com\/#personlogo","inLanguage":"es-MX","url":"https:\/\/secure.gravatar.com\/avatar\/df5ceb9b998be27b25dd258a6b4b0a95?s=96&d=mm&r=g","contentUrl":"https:\/\/secure.gravatar.com\/avatar\/df5ceb9b998be27b25dd258a6b4b0a95?s=96&d=mm&r=g","caption":"Aurora"},"sameAs":["http:\/\/reflejodemichoacan.com"],"url":"https:\/\/reflejodemichoacan.com\/index.php\/author\/rixwm7qvsq\/"}]}},"_links":{"self":[{"href":"https:\/\/reflejodemichoacan.com\/index.php\/wp-json\/wp\/v2\/posts\/9956"}],"collection":[{"href":"https:\/\/reflejodemichoacan.com\/index.php\/wp-json\/wp\/v2\/posts"}],"about":[{"href":"https:\/\/reflejodemichoacan.com\/index.php\/wp-json\/wp\/v2\/types\/post"}],"author":[{"embeddable":true,"href":"https:\/\/reflejodemichoacan.com\/index.php\/wp-json\/wp\/v2\/users\/1"}],"replies":[{"embeddable":true,"href":"https:\/\/reflejodemichoacan.com\/index.php\/wp-json\/wp\/v2\/comments?post=9956"}],"version-history":[{"count":1,"href":"https:\/\/reflejodemichoacan.com\/index.php\/wp-json\/wp\/v2\/posts\/9956\/revisions"}],"predecessor-version":[{"id":9958,"href":"https:\/\/reflejodemichoacan.com\/index.php\/wp-json\/wp\/v2\/posts\/9956\/revisions\/9958"}],"wp:featuredmedia":[{"embeddable":true,"href":"https:\/\/reflejodemichoacan.com\/index.php\/wp-json\/wp\/v2\/media\/9957"}],"wp:attachment":[{"href":"https:\/\/reflejodemichoacan.com\/index.php\/wp-json\/wp\/v2\/media?parent=9956"}],"wp:term":[{"taxonomy":"category","embeddable":true,"href":"https:\/\/reflejodemichoacan.com\/index.php\/wp-json\/wp\/v2\/categories?post=9956"},{"taxonomy":"post_tag","embeddable":true,"href":"https:\/\/reflejodemichoacan.com\/index.php\/wp-json\/wp\/v2\/tags?post=9956"}],"curies":[{"name":"wp","href":"https:\/\/api.w.org\/{rel}","templated":true}]}}