{"id":9962,"date":"2022-10-14T23:29:11","date_gmt":"2022-10-14T23:29:11","guid":{"rendered":"https:\/\/reflejodemichoacan.com\/?p=9962"},"modified":"2022-10-14T23:29:14","modified_gmt":"2022-10-14T23:29:14","slug":"julio-arreola-reconoce-aportacion-de-artesanos-y-refrenda-compromiso-para-reactivar-economia","status":"publish","type":"post","link":"https:\/\/reflejodemichoacan.com\/index.php\/2022\/10\/14\/julio-arreola-reconoce-aportacion-de-artesanos-y-refrenda-compromiso-para-reactivar-economia\/","title":{"rendered":"Julio Arreola reconoce aportaci\u00f3n de artesanos y refrenda compromiso para reactivar econom\u00eda"},"content":{"rendered":"\n<p>\u2022 El edil asisti\u00f3 al LIII aniversario de la Uni\u00f3n Mutualista de Artesanos de la Casa de los Once Patios.<br>P\u00e1tzcuaro, Mich. A 14 de octubre de 2022.- Al refrendar su compromiso con las y los artesanos de P\u00e1tzcuaro para reactivar la econom\u00eda que les permita recuperarse de los dos a\u00f1os de pandemia, el presidente municipal de P\u00e1tzcuaro, Julio Arreola V\u00e1zquez, estuvo presente en el LIII aniversario de la Uni\u00f3n Mutualista de Artesanos de la Casa de los Once Patios.<br>\u201cEstar presente en este lugar tan emblem\u00e1tico es un honor por toda la historia y lo que representa para los patzcuarenses, pero sobre todo por el gran trabajo que hacen todos nuestros artesanos\u201d, dijo el edil al ofrecer su apoyo y colaboraci\u00f3n con los integrantes de esta asociaci\u00f3n.<br>El edil, hizo el compromiso ante los artesanos de colaborar para mantener en buen estado la Casa de los Once Patios, as\u00ed como la placa que se develo en reconocimiento a los artesanos fundadores Ignacio Adame Cerda, Alfonso Guido Santill\u00e1n, Francisco Reyes y Sara \u00c1ngel, Roc\u00edo de Rayo Casiano, de este lugar tan emblem\u00e1tico.<br>\u201cEs importante poder tener este lugar en un mucho mejor estado, pero sobre todo para seguir difundiendo este emblem\u00e1tico lugar\u201d, indic\u00f3 al agradecer la invitaci\u00f3n para develar las placas conmemorativas, una en memoria del ex gobernador, Carlos G\u00e1lvez Betancourt y otra para los fundadores.<br>Agreg\u00f3 que como administraci\u00f3n municipal est\u00e1n preocupados por seguir promoviendo a nivel estatal, federal e internacional el trabajo de todos los artesanos patzcuarenses, ya que en los \u00faltimos dos a\u00f1os este ha sido el rubro de la econom\u00eda m\u00e1s lastimado.<br>\u201cJusto por los problemas de comercializaci\u00f3n que dej\u00f3 la pandemia, pero vamos por buen camino ya que se est\u00e1 retomando la actividad econ\u00f3mica y eso nos da gusto, al elaborar esas piezas que son \u00fanicas, que nos representan y son para todo el mundo\u201d, dijo.<br>Durante esta conmemoraci\u00f3n estuvieron presentes Castor Estrada Robles, director General del Instituto de Artesano Michoacano en representaci\u00f3n de Alfredo Ram\u00edrez Bedolla gobernador constitucional de Michoac\u00e1n, la ingeniero G\u00e1lvez Herrera invitada de honor, Samantha Flores Adame diputada local, Dionisio Becerra Guerrero, en representaci\u00f3n de Roberto Monroy secretario Estatal de Turismo, Nallely Janeth Garrido Monta\u00f1o, regidora de Cultura, Turismo, Ciencia, Tecnolog\u00eda e Innovaci\u00f3n, la presidenta de artesanos de la casa de los Once Patios C. Roc\u00edo Casiano \u00c1ngel, Olga y Miguel Betancourt.<br>Actualmente la Casa de los Once Patios alberga a 36 personas de diferentes ramas artesanales. Esta casa era en 1747 el convento de las monjas dominicas, posteriormente sirvi\u00f3 como mes\u00f3n, vecindad, escuelita, bodegas para quedar en completo abandono, pero fue la Sra. Teresita D\u00e1valos de Luft, directora del museo regional quien hace la invitaci\u00f3n a los 4 primeros artesanos a instalar sus talleres en cada uno de los cuartos y pongan a la venta sus artesan\u00edas, iniciando Ignacio Adame Cerda, Alfonso Guido Santill\u00e1n, Sara \u00c1ngel, y Francisco Reyes.<br>Estas cuatro personalidades\u00a0 invitaron\u00a0 a m\u00e1s artesanos donde forman un grupo ya mayor de los 10-15 artesanos, y posteriormente piden ayuda a los gobiernos municipal, estatal y federal, para la reconstrucci\u00f3n del edificio, donde el gobierno pone 10 pesos por cada peso que ponga el artesano, es as\u00ed como se reconstruye del centro artesanal Casa de los Once Patios, y es entregada a los artesanos por el Gobernador Lic. Carlos G\u00e1lvez Betancourt, donde fue directora Ana Mar\u00eda viuda de Gudi\u00f1o, en el a\u00f1o de 1971.\u00a0<\/p>\n","protected":false},"excerpt":{"rendered":"<p>\u2022 El edil asisti\u00f3 al LIII aniversario de la Uni\u00f3n Mutualista de Artesanos de la Casa de los Once Patios.P\u00e1tzcuaro, Mich. A 14 de octubre de 2022.- Al refrendar su compromiso con las y los artesanos de P\u00e1tzcuaro para reactivar la econom\u00eda que les permita recuperarse de los dos a\u00f1os de pandemia, el presidente municipal [&hellip;]<\/p>\n","protected":false},"author":1,"featured_media":9963,"comment_status":"open","ping_status":"closed","sticky":false,"template":"","format":"standard","meta":[],"categories":[1],"tags":[],"yoast_head":"<!-- This site is optimized with the Yoast SEO plugin v17.9 - https:\/\/yoast.com\/wordpress\/plugins\/seo\/ -->\n<title>Julio Arreola reconoce aportaci\u00f3n de artesanos y refrenda compromiso para reactivar econom\u00eda - Reflejo de Michoac\u00e1n<\/title>\n<meta name=\"robots\" content=\"index, follow, max-snippet:-1, max-image-preview:large, max-video-preview:-1\" \/>\n<link rel=\"canonical\" href=\"https:\/\/reflejodemichoacan.com\/index.php\/2022\/10\/14\/julio-arreola-reconoce-aportacion-de-artesanos-y-refrenda-compromiso-para-reactivar-economia\/\" \/>\n<meta property=\"og:locale\" content=\"es_MX\" \/>\n<meta property=\"og:type\" content=\"article\" \/>\n<meta property=\"og:title\" content=\"Julio Arreola reconoce aportaci\u00f3n de artesanos y refrenda compromiso para reactivar econom\u00eda - Reflejo de Michoac\u00e1n\" \/>\n<meta property=\"og:description\" content=\"\u2022 El edil asisti\u00f3 al LIII aniversario de la Uni\u00f3n Mutualista de Artesanos de la Casa de los Once Patios.P\u00e1tzcuaro, Mich. A 14 de octubre de 2022.- Al refrendar su compromiso con las y los artesanos de P\u00e1tzcuaro para reactivar la econom\u00eda que les permita recuperarse de los dos a\u00f1os de pandemia, el presidente municipal [&hellip;]\" \/>\n<meta property=\"og:url\" content=\"https:\/\/reflejodemichoacan.com\/index.php\/2022\/10\/14\/julio-arreola-reconoce-aportacion-de-artesanos-y-refrenda-compromiso-para-reactivar-economia\/\" \/>\n<meta property=\"og:site_name\" content=\"Reflejo de Michoac\u00e1n\" \/>\n<meta property=\"article:published_time\" content=\"2022-10-14T23:29:11+00:00\" \/>\n<meta property=\"article:modified_time\" content=\"2022-10-14T23:29:14+00:00\" \/>\n<meta property=\"og:image\" content=\"https:\/\/reflejodemichoacan.com\/wp-content\/uploads\/2022\/10\/once-patios.jpg\" \/>\n\t<meta property=\"og:image:width\" content=\"1600\" \/>\n\t<meta property=\"og:image:height\" content=\"1200\" \/>\n\t<meta property=\"og:image:type\" content=\"image\/jpeg\" \/>\n<meta name=\"twitter:card\" content=\"summary_large_image\" \/>\n<meta name=\"twitter:label1\" content=\"Escrito por\" \/>\n\t<meta name=\"twitter:data1\" content=\"Aurora\" \/>\n\t<meta name=\"twitter:label2\" content=\"Tiempo de lectura\" \/>\n\t<meta name=\"twitter:data2\" content=\"3 minutos\" \/>\n<script type=\"application\/ld+json\" class=\"yoast-schema-graph\">{\"@context\":\"https:\/\/schema.org\",\"@graph\":[{\"@type\":\"WebSite\",\"@id\":\"https:\/\/reflejodemichoacan.com\/#website\",\"url\":\"https:\/\/reflejodemichoacan.com\/\",\"name\":\"Reflejo de Michoac\\u00e1n\",\"description\":\"Medio de comunicaci\\u00f3n impreso y digital al servicio de la regi\\u00f3n lacustre y Michoac\\u00e1n.\",\"potentialAction\":[{\"@type\":\"SearchAction\",\"target\":{\"@type\":\"EntryPoint\",\"urlTemplate\":\"https:\/\/reflejodemichoacan.com\/?s={search_term_string}\"},\"query-input\":\"required name=search_term_string\"}],\"inLanguage\":\"es-MX\"},{\"@type\":\"ImageObject\",\"@id\":\"https:\/\/reflejodemichoacan.com\/index.php\/2022\/10\/14\/julio-arreola-reconoce-aportacion-de-artesanos-y-refrenda-compromiso-para-reactivar-economia\/#primaryimage\",\"inLanguage\":\"es-MX\",\"url\":\"https:\/\/reflejodemichoacan.com\/wp-content\/uploads\/2022\/10\/once-patios.jpg\",\"contentUrl\":\"https:\/\/reflejodemichoacan.com\/wp-content\/uploads\/2022\/10\/once-patios.jpg\",\"width\":1600,\"height\":1200},{\"@type\":\"WebPage\",\"@id\":\"https:\/\/reflejodemichoacan.com\/index.php\/2022\/10\/14\/julio-arreola-reconoce-aportacion-de-artesanos-y-refrenda-compromiso-para-reactivar-economia\/#webpage\",\"url\":\"https:\/\/reflejodemichoacan.com\/index.php\/2022\/10\/14\/julio-arreola-reconoce-aportacion-de-artesanos-y-refrenda-compromiso-para-reactivar-economia\/\",\"name\":\"Julio Arreola reconoce aportaci\\u00f3n de artesanos y refrenda compromiso para reactivar econom\\u00eda - Reflejo de Michoac\\u00e1n\",\"isPartOf\":{\"@id\":\"https:\/\/reflejodemichoacan.com\/#website\"},\"primaryImageOfPage\":{\"@id\":\"https:\/\/reflejodemichoacan.com\/index.php\/2022\/10\/14\/julio-arreola-reconoce-aportacion-de-artesanos-y-refrenda-compromiso-para-reactivar-economia\/#primaryimage\"},\"datePublished\":\"2022-10-14T23:29:11+00:00\",\"dateModified\":\"2022-10-14T23:29:14+00:00\",\"author\":{\"@id\":\"https:\/\/reflejodemichoacan.com\/#\/schema\/person\/72d921e8fe99bd6e2e39bcde8995046f\"},\"breadcrumb\":{\"@id\":\"https:\/\/reflejodemichoacan.com\/index.php\/2022\/10\/14\/julio-arreola-reconoce-aportacion-de-artesanos-y-refrenda-compromiso-para-reactivar-economia\/#breadcrumb\"},\"inLanguage\":\"es-MX\",\"potentialAction\":[{\"@type\":\"ReadAction\",\"target\":[\"https:\/\/reflejodemichoacan.com\/index.php\/2022\/10\/14\/julio-arreola-reconoce-aportacion-de-artesanos-y-refrenda-compromiso-para-reactivar-economia\/\"]}]},{\"@type\":\"BreadcrumbList\",\"@id\":\"https:\/\/reflejodemichoacan.com\/index.php\/2022\/10\/14\/julio-arreola-reconoce-aportacion-de-artesanos-y-refrenda-compromiso-para-reactivar-economia\/#breadcrumb\",\"itemListElement\":[{\"@type\":\"ListItem\",\"position\":1,\"name\":\"Inicio\",\"item\":\"https:\/\/reflejodemichoacan.com\/\"},{\"@type\":\"ListItem\",\"position\":2,\"name\":\"Julio Arreola reconoce aportaci\\u00f3n de artesanos y refrenda compromiso para reactivar econom\\u00eda\"}]},{\"@type\":\"Person\",\"@id\":\"https:\/\/reflejodemichoacan.com\/#\/schema\/person\/72d921e8fe99bd6e2e39bcde8995046f\",\"name\":\"Aurora\",\"image\":{\"@type\":\"ImageObject\",\"@id\":\"https:\/\/reflejodemichoacan.com\/#personlogo\",\"inLanguage\":\"es-MX\",\"url\":\"https:\/\/secure.gravatar.com\/avatar\/df5ceb9b998be27b25dd258a6b4b0a95?s=96&d=mm&r=g\",\"contentUrl\":\"https:\/\/secure.gravatar.com\/avatar\/df5ceb9b998be27b25dd258a6b4b0a95?s=96&d=mm&r=g\",\"caption\":\"Aurora\"},\"sameAs\":[\"http:\/\/reflejodemichoacan.com\"],\"url\":\"https:\/\/reflejodemichoacan.com\/index.php\/author\/rixwm7qvsq\/\"}]}<\/script>\n<!-- \/ Yoast SEO plugin. -->","yoast_head_json":{"title":"Julio Arreola reconoce aportaci\u00f3n de artesanos y refrenda compromiso para reactivar econom\u00eda - Reflejo de Michoac\u00e1n","robots":{"index":"index","follow":"follow","max-snippet":"max-snippet:-1","max-image-preview":"max-image-preview:large","max-video-preview":"max-video-preview:-1"},"canonical":"https:\/\/reflejodemichoacan.com\/index.php\/2022\/10\/14\/julio-arreola-reconoce-aportacion-de-artesanos-y-refrenda-compromiso-para-reactivar-economia\/","og_locale":"es_MX","og_type":"article","og_title":"Julio Arreola reconoce aportaci\u00f3n de artesanos y refrenda compromiso para reactivar econom\u00eda - Reflejo de Michoac\u00e1n","og_description":"\u2022 El edil asisti\u00f3 al LIII aniversario de la Uni\u00f3n Mutualista de Artesanos de la Casa de los Once Patios.P\u00e1tzcuaro, Mich. A 14 de octubre de 2022.- Al refrendar su compromiso con las y los artesanos de P\u00e1tzcuaro para reactivar la econom\u00eda que les permita recuperarse de los dos a\u00f1os de pandemia, el presidente municipal [&hellip;]","og_url":"https:\/\/reflejodemichoacan.com\/index.php\/2022\/10\/14\/julio-arreola-reconoce-aportacion-de-artesanos-y-refrenda-compromiso-para-reactivar-economia\/","og_site_name":"Reflejo de Michoac\u00e1n","article_published_time":"2022-10-14T23:29:11+00:00","article_modified_time":"2022-10-14T23:29:14+00:00","og_image":[{"width":1600,"height":1200,"url":"https:\/\/reflejodemichoacan.com\/wp-content\/uploads\/2022\/10\/once-patios.jpg","type":"image\/jpeg"}],"twitter_card":"summary_large_image","twitter_misc":{"Escrito por":"Aurora","Tiempo de lectura":"3 minutos"},"schema":{"@context":"https:\/\/schema.org","@graph":[{"@type":"WebSite","@id":"https:\/\/reflejodemichoacan.com\/#website","url":"https:\/\/reflejodemichoacan.com\/","name":"Reflejo de Michoac\u00e1n","description":"Medio de comunicaci\u00f3n impreso y digital al servicio de la regi\u00f3n lacustre y Michoac\u00e1n.","potentialAction":[{"@type":"SearchAction","target":{"@type":"EntryPoint","urlTemplate":"https:\/\/reflejodemichoacan.com\/?s={search_term_string}"},"query-input":"required name=search_term_string"}],"inLanguage":"es-MX"},{"@type":"ImageObject","@id":"https:\/\/reflejodemichoacan.com\/index.php\/2022\/10\/14\/julio-arreola-reconoce-aportacion-de-artesanos-y-refrenda-compromiso-para-reactivar-economia\/#primaryimage","inLanguage":"es-MX","url":"https:\/\/reflejodemichoacan.com\/wp-content\/uploads\/2022\/10\/once-patios.jpg","contentUrl":"https:\/\/reflejodemichoacan.com\/wp-content\/uploads\/2022\/10\/once-patios.jpg","width":1600,"height":1200},{"@type":"WebPage","@id":"https:\/\/reflejodemichoacan.com\/index.php\/2022\/10\/14\/julio-arreola-reconoce-aportacion-de-artesanos-y-refrenda-compromiso-para-reactivar-economia\/#webpage","url":"https:\/\/reflejodemichoacan.com\/index.php\/2022\/10\/14\/julio-arreola-reconoce-aportacion-de-artesanos-y-refrenda-compromiso-para-reactivar-economia\/","name":"Julio Arreola reconoce aportaci\u00f3n de artesanos y refrenda compromiso para reactivar econom\u00eda - Reflejo de Michoac\u00e1n","isPartOf":{"@id":"https:\/\/reflejodemichoacan.com\/#website"},"primaryImageOfPage":{"@id":"https:\/\/reflejodemichoacan.com\/index.php\/2022\/10\/14\/julio-arreola-reconoce-aportacion-de-artesanos-y-refrenda-compromiso-para-reactivar-economia\/#primaryimage"},"datePublished":"2022-10-14T23:29:11+00:00","dateModified":"2022-10-14T23:29:14+00:00","author":{"@id":"https:\/\/reflejodemichoacan.com\/#\/schema\/person\/72d921e8fe99bd6e2e39bcde8995046f"},"breadcrumb":{"@id":"https:\/\/reflejodemichoacan.com\/index.php\/2022\/10\/14\/julio-arreola-reconoce-aportacion-de-artesanos-y-refrenda-compromiso-para-reactivar-economia\/#breadcrumb"},"inLanguage":"es-MX","potentialAction":[{"@type":"ReadAction","target":["https:\/\/reflejodemichoacan.com\/index.php\/2022\/10\/14\/julio-arreola-reconoce-aportacion-de-artesanos-y-refrenda-compromiso-para-reactivar-economia\/"]}]},{"@type":"BreadcrumbList","@id":"https:\/\/reflejodemichoacan.com\/index.php\/2022\/10\/14\/julio-arreola-reconoce-aportacion-de-artesanos-y-refrenda-compromiso-para-reactivar-economia\/#breadcrumb","itemListElement":[{"@type":"ListItem","position":1,"name":"Inicio","item":"https:\/\/reflejodemichoacan.com\/"},{"@type":"ListItem","position":2,"name":"Julio Arreola reconoce aportaci\u00f3n de artesanos y refrenda compromiso para reactivar econom\u00eda"}]},{"@type":"Person","@id":"https:\/\/reflejodemichoacan.com\/#\/schema\/person\/72d921e8fe99bd6e2e39bcde8995046f","name":"Aurora","image":{"@type":"ImageObject","@id":"https:\/\/reflejodemichoacan.com\/#personlogo","inLanguage":"es-MX","url":"https:\/\/secure.gravatar.com\/avatar\/df5ceb9b998be27b25dd258a6b4b0a95?s=96&d=mm&r=g","contentUrl":"https:\/\/secure.gravatar.com\/avatar\/df5ceb9b998be27b25dd258a6b4b0a95?s=96&d=mm&r=g","caption":"Aurora"},"sameAs":["http:\/\/reflejodemichoacan.com"],"url":"https:\/\/reflejodemichoacan.com\/index.php\/author\/rixwm7qvsq\/"}]}},"_links":{"self":[{"href":"https:\/\/reflejodemichoacan.com\/index.php\/wp-json\/wp\/v2\/posts\/9962"}],"collection":[{"href":"https:\/\/reflejodemichoacan.com\/index.php\/wp-json\/wp\/v2\/posts"}],"about":[{"href":"https:\/\/reflejodemichoacan.com\/index.php\/wp-json\/wp\/v2\/types\/post"}],"author":[{"embeddable":true,"href":"https:\/\/reflejodemichoacan.com\/index.php\/wp-json\/wp\/v2\/users\/1"}],"replies":[{"embeddable":true,"href":"https:\/\/reflejodemichoacan.com\/index.php\/wp-json\/wp\/v2\/comments?post=9962"}],"version-history":[{"count":1,"href":"https:\/\/reflejodemichoacan.com\/index.php\/wp-json\/wp\/v2\/posts\/9962\/revisions"}],"predecessor-version":[{"id":9964,"href":"https:\/\/reflejodemichoacan.com\/index.php\/wp-json\/wp\/v2\/posts\/9962\/revisions\/9964"}],"wp:featuredmedia":[{"embeddable":true,"href":"https:\/\/reflejodemichoacan.com\/index.php\/wp-json\/wp\/v2\/media\/9963"}],"wp:attachment":[{"href":"https:\/\/reflejodemichoacan.com\/index.php\/wp-json\/wp\/v2\/media?parent=9962"}],"wp:term":[{"taxonomy":"category","embeddable":true,"href":"https:\/\/reflejodemichoacan.com\/index.php\/wp-json\/wp\/v2\/categories?post=9962"},{"taxonomy":"post_tag","embeddable":true,"href":"https:\/\/reflejodemichoacan.com\/index.php\/wp-json\/wp\/v2\/tags?post=9962"}],"curies":[{"name":"wp","href":"https:\/\/api.w.org\/{rel}","templated":true}]}}