{"id":9965,"date":"2022-10-14T23:55:59","date_gmt":"2022-10-14T23:55:59","guid":{"rendered":"https:\/\/reflejodemichoacan.com\/?p=9965"},"modified":"2022-10-14T23:56:02","modified_gmt":"2022-10-14T23:56:02","slug":"en-lo-que-va-de-la-presente-legislatura-por-tercera-ocasion-el-congreso-de-michoacan-obtiene-la-calificacion-mas-alta-ante-el-imaip","status":"publish","type":"post","link":"https:\/\/reflejodemichoacan.com\/index.php\/2022\/10\/14\/en-lo-que-va-de-la-presente-legislatura-por-tercera-ocasion-el-congreso-de-michoacan-obtiene-la-calificacion-mas-alta-ante-el-imaip\/","title":{"rendered":"En lo que va de la presente Legislatura, por tercera ocasi\u00f3n el Congreso de Michoac\u00e1n obtiene la calificaci\u00f3n m\u00e1s alta ante el IMAIP"},"content":{"rendered":"\n<p>-El Congreso de Michoac\u00e1n avanza en el objetivo de fortalecer la transparencia y la democracia.<br>Morelia, Michoac\u00e1n, a 13 de octubre de 2022.- El Instituto Michoacano de Transparencia, Acceso a la Informaci\u00f3n y Protecci\u00f3n de Datos Personales (IMAIP) calific\u00f3 con un 100 por ciento al Congreso del Estado de Michoac\u00e1n por haber cumplido con las obligaciones en materia de transparencia.<br>La Presidenta del Comit\u00e9 de Transparencia y Acceso a la Informaci\u00f3n en el Congreso de Michoac\u00e1n, la Diputada Local Liz Hern\u00e1ndez, fue la encargada de vigilar y verificar que durante los \u00faltimos tres meses se cumpliera con un eje prioritario para las y los legisladores: la responsabilidad de transparentar el trabajo hecho desde el Congreso del Estado de Michoac\u00e1n en beneficio de las y los michoacanos.<br>\u201cDesde el Congreso de Michoac\u00e1n, y como Presidenta del Comit\u00e9 de Transparencia y Acceso a la Informaci\u00f3n, es mi obligaci\u00f3n vigilar que se reconozca y garantice con aut\u00e9ntica claridad y honestidad el trabajo que desempe\u00f1amos. Es un derecho que todos tenemos como ciudadanos y es nuestra obligaci\u00f3n facilitarlo para la revisi\u00f3n de las y los michoacanos\u201d, expres\u00f3 la Diputada del PAN.<br>Con el trabajo a la vista, el Congreso de Michoac\u00e1n avanza en el objetivo de construir y abonar a que las y los legisladores garanticen y faciliten a la ciudadan\u00eda la informaci\u00f3n del trabajo realizado, a trav\u00e9s de los mecanismos tecnol\u00f3gicos para fortalecer la democracia y credibilidad.<\/p>\n","protected":false},"excerpt":{"rendered":"<p>-El Congreso de Michoac\u00e1n avanza en el objetivo de fortalecer la transparencia y la democracia.Morelia, Michoac\u00e1n, a 13 de octubre de 2022.- El Instituto Michoacano de Transparencia, Acceso a la Informaci\u00f3n y Protecci\u00f3n de Datos Personales (IMAIP) calific\u00f3 con un 100 por ciento al Congreso del Estado de Michoac\u00e1n por haber cumplido con las obligaciones [&hellip;]<\/p>\n","protected":false},"author":1,"featured_media":9966,"comment_status":"open","ping_status":"closed","sticky":false,"template":"","format":"standard","meta":[],"categories":[1],"tags":[],"yoast_head":"<!-- This site is optimized with the Yoast SEO plugin v17.9 - https:\/\/yoast.com\/wordpress\/plugins\/seo\/ -->\n<title>En lo que va de la presente Legislatura, por tercera ocasi\u00f3n el Congreso de Michoac\u00e1n obtiene la calificaci\u00f3n m\u00e1s alta ante el IMAIP - Reflejo de Michoac\u00e1n<\/title>\n<meta name=\"robots\" content=\"index, follow, max-snippet:-1, max-image-preview:large, max-video-preview:-1\" \/>\n<link rel=\"canonical\" href=\"https:\/\/reflejodemichoacan.com\/index.php\/2022\/10\/14\/en-lo-que-va-de-la-presente-legislatura-por-tercera-ocasion-el-congreso-de-michoacan-obtiene-la-calificacion-mas-alta-ante-el-imaip\/\" \/>\n<meta property=\"og:locale\" content=\"es_MX\" \/>\n<meta property=\"og:type\" content=\"article\" \/>\n<meta property=\"og:title\" content=\"En lo que va de la presente Legislatura, por tercera ocasi\u00f3n el Congreso de Michoac\u00e1n obtiene la calificaci\u00f3n m\u00e1s alta ante el IMAIP - Reflejo de Michoac\u00e1n\" \/>\n<meta property=\"og:description\" content=\"-El Congreso de Michoac\u00e1n avanza en el objetivo de fortalecer la transparencia y la democracia.Morelia, Michoac\u00e1n, a 13 de octubre de 2022.- El Instituto Michoacano de Transparencia, Acceso a la Informaci\u00f3n y Protecci\u00f3n de Datos Personales (IMAIP) calific\u00f3 con un 100 por ciento al Congreso del Estado de Michoac\u00e1n por haber cumplido con las obligaciones [&hellip;]\" \/>\n<meta property=\"og:url\" content=\"https:\/\/reflejodemichoacan.com\/index.php\/2022\/10\/14\/en-lo-que-va-de-la-presente-legislatura-por-tercera-ocasion-el-congreso-de-michoacan-obtiene-la-calificacion-mas-alta-ante-el-imaip\/\" \/>\n<meta property=\"og:site_name\" content=\"Reflejo de Michoac\u00e1n\" \/>\n<meta property=\"article:published_time\" content=\"2022-10-14T23:55:59+00:00\" \/>\n<meta property=\"article:modified_time\" content=\"2022-10-14T23:56:02+00:00\" \/>\n<meta property=\"og:image\" content=\"https:\/\/reflejodemichoacan.com\/wp-content\/uploads\/2022\/10\/erendira.jpg\" \/>\n\t<meta property=\"og:image:width\" content=\"1280\" \/>\n\t<meta property=\"og:image:height\" content=\"852\" \/>\n\t<meta property=\"og:image:type\" content=\"image\/jpeg\" \/>\n<meta name=\"twitter:card\" content=\"summary_large_image\" \/>\n<meta name=\"twitter:label1\" content=\"Escrito por\" \/>\n\t<meta name=\"twitter:data1\" content=\"Aurora\" \/>\n\t<meta name=\"twitter:label2\" content=\"Tiempo de lectura\" \/>\n\t<meta name=\"twitter:data2\" content=\"2 minutos\" \/>\n<script type=\"application\/ld+json\" class=\"yoast-schema-graph\">{\"@context\":\"https:\/\/schema.org\",\"@graph\":[{\"@type\":\"WebSite\",\"@id\":\"https:\/\/reflejodemichoacan.com\/#website\",\"url\":\"https:\/\/reflejodemichoacan.com\/\",\"name\":\"Reflejo de Michoac\\u00e1n\",\"description\":\"Medio de comunicaci\\u00f3n impreso y digital al servicio de la regi\\u00f3n lacustre y Michoac\\u00e1n.\",\"potentialAction\":[{\"@type\":\"SearchAction\",\"target\":{\"@type\":\"EntryPoint\",\"urlTemplate\":\"https:\/\/reflejodemichoacan.com\/?s={search_term_string}\"},\"query-input\":\"required name=search_term_string\"}],\"inLanguage\":\"es-MX\"},{\"@type\":\"ImageObject\",\"@id\":\"https:\/\/reflejodemichoacan.com\/index.php\/2022\/10\/14\/en-lo-que-va-de-la-presente-legislatura-por-tercera-ocasion-el-congreso-de-michoacan-obtiene-la-calificacion-mas-alta-ante-el-imaip\/#primaryimage\",\"inLanguage\":\"es-MX\",\"url\":\"https:\/\/reflejodemichoacan.com\/wp-content\/uploads\/2022\/10\/erendira.jpg\",\"contentUrl\":\"https:\/\/reflejodemichoacan.com\/wp-content\/uploads\/2022\/10\/erendira.jpg\",\"width\":1280,\"height\":852},{\"@type\":\"WebPage\",\"@id\":\"https:\/\/reflejodemichoacan.com\/index.php\/2022\/10\/14\/en-lo-que-va-de-la-presente-legislatura-por-tercera-ocasion-el-congreso-de-michoacan-obtiene-la-calificacion-mas-alta-ante-el-imaip\/#webpage\",\"url\":\"https:\/\/reflejodemichoacan.com\/index.php\/2022\/10\/14\/en-lo-que-va-de-la-presente-legislatura-por-tercera-ocasion-el-congreso-de-michoacan-obtiene-la-calificacion-mas-alta-ante-el-imaip\/\",\"name\":\"En lo que va de la presente Legislatura, por tercera ocasi\\u00f3n el Congreso de Michoac\\u00e1n obtiene la calificaci\\u00f3n m\\u00e1s alta ante el IMAIP - Reflejo de Michoac\\u00e1n\",\"isPartOf\":{\"@id\":\"https:\/\/reflejodemichoacan.com\/#website\"},\"primaryImageOfPage\":{\"@id\":\"https:\/\/reflejodemichoacan.com\/index.php\/2022\/10\/14\/en-lo-que-va-de-la-presente-legislatura-por-tercera-ocasion-el-congreso-de-michoacan-obtiene-la-calificacion-mas-alta-ante-el-imaip\/#primaryimage\"},\"datePublished\":\"2022-10-14T23:55:59+00:00\",\"dateModified\":\"2022-10-14T23:56:02+00:00\",\"author\":{\"@id\":\"https:\/\/reflejodemichoacan.com\/#\/schema\/person\/72d921e8fe99bd6e2e39bcde8995046f\"},\"breadcrumb\":{\"@id\":\"https:\/\/reflejodemichoacan.com\/index.php\/2022\/10\/14\/en-lo-que-va-de-la-presente-legislatura-por-tercera-ocasion-el-congreso-de-michoacan-obtiene-la-calificacion-mas-alta-ante-el-imaip\/#breadcrumb\"},\"inLanguage\":\"es-MX\",\"potentialAction\":[{\"@type\":\"ReadAction\",\"target\":[\"https:\/\/reflejodemichoacan.com\/index.php\/2022\/10\/14\/en-lo-que-va-de-la-presente-legislatura-por-tercera-ocasion-el-congreso-de-michoacan-obtiene-la-calificacion-mas-alta-ante-el-imaip\/\"]}]},{\"@type\":\"BreadcrumbList\",\"@id\":\"https:\/\/reflejodemichoacan.com\/index.php\/2022\/10\/14\/en-lo-que-va-de-la-presente-legislatura-por-tercera-ocasion-el-congreso-de-michoacan-obtiene-la-calificacion-mas-alta-ante-el-imaip\/#breadcrumb\",\"itemListElement\":[{\"@type\":\"ListItem\",\"position\":1,\"name\":\"Inicio\",\"item\":\"https:\/\/reflejodemichoacan.com\/\"},{\"@type\":\"ListItem\",\"position\":2,\"name\":\"En lo que va de la presente Legislatura, por tercera ocasi\\u00f3n el Congreso de Michoac\\u00e1n obtiene la calificaci\\u00f3n m\\u00e1s alta ante el IMAIP\"}]},{\"@type\":\"Person\",\"@id\":\"https:\/\/reflejodemichoacan.com\/#\/schema\/person\/72d921e8fe99bd6e2e39bcde8995046f\",\"name\":\"Aurora\",\"image\":{\"@type\":\"ImageObject\",\"@id\":\"https:\/\/reflejodemichoacan.com\/#personlogo\",\"inLanguage\":\"es-MX\",\"url\":\"https:\/\/secure.gravatar.com\/avatar\/df5ceb9b998be27b25dd258a6b4b0a95?s=96&d=mm&r=g\",\"contentUrl\":\"https:\/\/secure.gravatar.com\/avatar\/df5ceb9b998be27b25dd258a6b4b0a95?s=96&d=mm&r=g\",\"caption\":\"Aurora\"},\"sameAs\":[\"http:\/\/reflejodemichoacan.com\"],\"url\":\"https:\/\/reflejodemichoacan.com\/index.php\/author\/rixwm7qvsq\/\"}]}<\/script>\n<!-- \/ Yoast SEO plugin. -->","yoast_head_json":{"title":"En lo que va de la presente Legislatura, por tercera ocasi\u00f3n el Congreso de Michoac\u00e1n obtiene la calificaci\u00f3n m\u00e1s alta ante el IMAIP - Reflejo de Michoac\u00e1n","robots":{"index":"index","follow":"follow","max-snippet":"max-snippet:-1","max-image-preview":"max-image-preview:large","max-video-preview":"max-video-preview:-1"},"canonical":"https:\/\/reflejodemichoacan.com\/index.php\/2022\/10\/14\/en-lo-que-va-de-la-presente-legislatura-por-tercera-ocasion-el-congreso-de-michoacan-obtiene-la-calificacion-mas-alta-ante-el-imaip\/","og_locale":"es_MX","og_type":"article","og_title":"En lo que va de la presente Legislatura, por tercera ocasi\u00f3n el Congreso de Michoac\u00e1n obtiene la calificaci\u00f3n m\u00e1s alta ante el IMAIP - Reflejo de Michoac\u00e1n","og_description":"-El Congreso de Michoac\u00e1n avanza en el objetivo de fortalecer la transparencia y la democracia.Morelia, Michoac\u00e1n, a 13 de octubre de 2022.- El Instituto Michoacano de Transparencia, Acceso a la Informaci\u00f3n y Protecci\u00f3n de Datos Personales (IMAIP) calific\u00f3 con un 100 por ciento al Congreso del Estado de Michoac\u00e1n por haber cumplido con las obligaciones [&hellip;]","og_url":"https:\/\/reflejodemichoacan.com\/index.php\/2022\/10\/14\/en-lo-que-va-de-la-presente-legislatura-por-tercera-ocasion-el-congreso-de-michoacan-obtiene-la-calificacion-mas-alta-ante-el-imaip\/","og_site_name":"Reflejo de Michoac\u00e1n","article_published_time":"2022-10-14T23:55:59+00:00","article_modified_time":"2022-10-14T23:56:02+00:00","og_image":[{"width":1280,"height":852,"url":"https:\/\/reflejodemichoacan.com\/wp-content\/uploads\/2022\/10\/erendira.jpg","type":"image\/jpeg"}],"twitter_card":"summary_large_image","twitter_misc":{"Escrito por":"Aurora","Tiempo de lectura":"2 minutos"},"schema":{"@context":"https:\/\/schema.org","@graph":[{"@type":"WebSite","@id":"https:\/\/reflejodemichoacan.com\/#website","url":"https:\/\/reflejodemichoacan.com\/","name":"Reflejo de Michoac\u00e1n","description":"Medio de comunicaci\u00f3n impreso y digital al servicio de la regi\u00f3n lacustre y Michoac\u00e1n.","potentialAction":[{"@type":"SearchAction","target":{"@type":"EntryPoint","urlTemplate":"https:\/\/reflejodemichoacan.com\/?s={search_term_string}"},"query-input":"required name=search_term_string"}],"inLanguage":"es-MX"},{"@type":"ImageObject","@id":"https:\/\/reflejodemichoacan.com\/index.php\/2022\/10\/14\/en-lo-que-va-de-la-presente-legislatura-por-tercera-ocasion-el-congreso-de-michoacan-obtiene-la-calificacion-mas-alta-ante-el-imaip\/#primaryimage","inLanguage":"es-MX","url":"https:\/\/reflejodemichoacan.com\/wp-content\/uploads\/2022\/10\/erendira.jpg","contentUrl":"https:\/\/reflejodemichoacan.com\/wp-content\/uploads\/2022\/10\/erendira.jpg","width":1280,"height":852},{"@type":"WebPage","@id":"https:\/\/reflejodemichoacan.com\/index.php\/2022\/10\/14\/en-lo-que-va-de-la-presente-legislatura-por-tercera-ocasion-el-congreso-de-michoacan-obtiene-la-calificacion-mas-alta-ante-el-imaip\/#webpage","url":"https:\/\/reflejodemichoacan.com\/index.php\/2022\/10\/14\/en-lo-que-va-de-la-presente-legislatura-por-tercera-ocasion-el-congreso-de-michoacan-obtiene-la-calificacion-mas-alta-ante-el-imaip\/","name":"En lo que va de la presente Legislatura, por tercera ocasi\u00f3n el Congreso de Michoac\u00e1n obtiene la calificaci\u00f3n m\u00e1s alta ante el IMAIP - Reflejo de Michoac\u00e1n","isPartOf":{"@id":"https:\/\/reflejodemichoacan.com\/#website"},"primaryImageOfPage":{"@id":"https:\/\/reflejodemichoacan.com\/index.php\/2022\/10\/14\/en-lo-que-va-de-la-presente-legislatura-por-tercera-ocasion-el-congreso-de-michoacan-obtiene-la-calificacion-mas-alta-ante-el-imaip\/#primaryimage"},"datePublished":"2022-10-14T23:55:59+00:00","dateModified":"2022-10-14T23:56:02+00:00","author":{"@id":"https:\/\/reflejodemichoacan.com\/#\/schema\/person\/72d921e8fe99bd6e2e39bcde8995046f"},"breadcrumb":{"@id":"https:\/\/reflejodemichoacan.com\/index.php\/2022\/10\/14\/en-lo-que-va-de-la-presente-legislatura-por-tercera-ocasion-el-congreso-de-michoacan-obtiene-la-calificacion-mas-alta-ante-el-imaip\/#breadcrumb"},"inLanguage":"es-MX","potentialAction":[{"@type":"ReadAction","target":["https:\/\/reflejodemichoacan.com\/index.php\/2022\/10\/14\/en-lo-que-va-de-la-presente-legislatura-por-tercera-ocasion-el-congreso-de-michoacan-obtiene-la-calificacion-mas-alta-ante-el-imaip\/"]}]},{"@type":"BreadcrumbList","@id":"https:\/\/reflejodemichoacan.com\/index.php\/2022\/10\/14\/en-lo-que-va-de-la-presente-legislatura-por-tercera-ocasion-el-congreso-de-michoacan-obtiene-la-calificacion-mas-alta-ante-el-imaip\/#breadcrumb","itemListElement":[{"@type":"ListItem","position":1,"name":"Inicio","item":"https:\/\/reflejodemichoacan.com\/"},{"@type":"ListItem","position":2,"name":"En lo que va de la presente Legislatura, por tercera ocasi\u00f3n el Congreso de Michoac\u00e1n obtiene la calificaci\u00f3n m\u00e1s alta ante el IMAIP"}]},{"@type":"Person","@id":"https:\/\/reflejodemichoacan.com\/#\/schema\/person\/72d921e8fe99bd6e2e39bcde8995046f","name":"Aurora","image":{"@type":"ImageObject","@id":"https:\/\/reflejodemichoacan.com\/#personlogo","inLanguage":"es-MX","url":"https:\/\/secure.gravatar.com\/avatar\/df5ceb9b998be27b25dd258a6b4b0a95?s=96&d=mm&r=g","contentUrl":"https:\/\/secure.gravatar.com\/avatar\/df5ceb9b998be27b25dd258a6b4b0a95?s=96&d=mm&r=g","caption":"Aurora"},"sameAs":["http:\/\/reflejodemichoacan.com"],"url":"https:\/\/reflejodemichoacan.com\/index.php\/author\/rixwm7qvsq\/"}]}},"_links":{"self":[{"href":"https:\/\/reflejodemichoacan.com\/index.php\/wp-json\/wp\/v2\/posts\/9965"}],"collection":[{"href":"https:\/\/reflejodemichoacan.com\/index.php\/wp-json\/wp\/v2\/posts"}],"about":[{"href":"https:\/\/reflejodemichoacan.com\/index.php\/wp-json\/wp\/v2\/types\/post"}],"author":[{"embeddable":true,"href":"https:\/\/reflejodemichoacan.com\/index.php\/wp-json\/wp\/v2\/users\/1"}],"replies":[{"embeddable":true,"href":"https:\/\/reflejodemichoacan.com\/index.php\/wp-json\/wp\/v2\/comments?post=9965"}],"version-history":[{"count":1,"href":"https:\/\/reflejodemichoacan.com\/index.php\/wp-json\/wp\/v2\/posts\/9965\/revisions"}],"predecessor-version":[{"id":9967,"href":"https:\/\/reflejodemichoacan.com\/index.php\/wp-json\/wp\/v2\/posts\/9965\/revisions\/9967"}],"wp:featuredmedia":[{"embeddable":true,"href":"https:\/\/reflejodemichoacan.com\/index.php\/wp-json\/wp\/v2\/media\/9966"}],"wp:attachment":[{"href":"https:\/\/reflejodemichoacan.com\/index.php\/wp-json\/wp\/v2\/media?parent=9965"}],"wp:term":[{"taxonomy":"category","embeddable":true,"href":"https:\/\/reflejodemichoacan.com\/index.php\/wp-json\/wp\/v2\/categories?post=9965"},{"taxonomy":"post_tag","embeddable":true,"href":"https:\/\/reflejodemichoacan.com\/index.php\/wp-json\/wp\/v2\/tags?post=9965"}],"curies":[{"name":"wp","href":"https:\/\/api.w.org\/{rel}","templated":true}]}}