{"id":9971,"date":"2022-10-15T00:18:23","date_gmt":"2022-10-15T00:18:23","guid":{"rendered":"https:\/\/reflejodemichoacan.com\/?p=9971"},"modified":"2022-10-15T00:18:26","modified_gmt":"2022-10-15T00:18:26","slug":"aprueba-congreso-exhorto-para-ampliar-carriles-de-siglo-xxi-presentado-por-erendira-isauro","status":"publish","type":"post","link":"https:\/\/reflejodemichoacan.com\/index.php\/2022\/10\/15\/aprueba-congreso-exhorto-para-ampliar-carriles-de-siglo-xxi-presentado-por-erendira-isauro\/","title":{"rendered":"Aprueba Congreso exhorto para ampliar carriles de Siglo XXI, presentado por Er\u00e9ndira Isauro"},"content":{"rendered":"\n<p>*Legisladores de diferentes fuerzas pol\u00edticas, respaldaron el punto de acuerdo que plantea la revisi\u00f3n de la concesi\u00f3n a la empresa responsable de administrar la autopista Siglo XXI.<br>Morelia, Michoac\u00e1n, 14 de octubre de 2022.- El Pleno del Congreso del Estado de Michoac\u00e1n, aprob\u00f3 el exhorto que present\u00f3 la diputada por el Distrito 05 de Paracho, Er\u00e9ndira Isauro Hern\u00e1ndez para que instruya a la Secretar\u00eda de Infraestructura, Comunicaciones y Transportes del Gobierno Federal (SICT); realice las acciones necesarias y urgentes para la ampliaci\u00f3n de la autopista Siglo XXI a cuatro carriles.<br>Con la finalidad de garantizar la seguridad vial de quienes transitan por esta v\u00eda de comunicaci\u00f3n, la diputada local urgi\u00f3 la necesidad de esta ampliaci\u00f3n, debido a los accidentes que diariamente se registran en la autopista.<br>Refiri\u00f3 que la empresa Concesionaria de Autopistas de Michoac\u00e1n en marzo de 2012 obtuvo la concesi\u00f3n para operar por 30 a\u00f1os hasta el 2042, y la Administraci\u00f3n P\u00fablica Federal al otorgar las concesiones y permisos debe vigilar su cumplimiento y resolver sobre su revocaci\u00f3n o terminaci\u00f3n en su caso, cuando no se cumplan con los aspectos t\u00e9cnicos y normativos correspondientes.<br>La diputada local resalt\u00f3 que los concesionarios a que se refiere la Ley de Caminos, Puentes y Autotransporte Federal est\u00e1n obligados a proteger a los usuarios en los caminos y puentes por los da\u00f1os que puedan sufrir con motivo de su uso, la garant\u00eda deber\u00e1 ser suficiente para que el concesionario ampare al usuario de la v\u00eda durante el trayecto de la misma, y el permisionario a los viajeros desde que aborden hasta que desciendan del veh\u00edculo.<br>En caso de incumplir la SICT podr\u00e1 requerir en cualquier tiempo a los concesionarios y permisionarios informes con los datos t\u00e9cnicos, administrativos, financieros y estad\u00edsticos, que permitan conocer la forma de operar y explotar los caminos, puentes, los servicios de autotransporte federal y sus servicios auxiliares, sin embargo, no ha ocurrido.<br>Destac\u00f3 que esta v\u00eda es una de las m\u00e1s importantes y une el centro de la Rep\u00fablica con Michoac\u00e1n, pero tambi\u00e9n es la carretera m\u00e1s peligrosa, la mayor\u00eda de accidentes automovil\u00edsticos ocurren sin que se tenga un registro preciso del \u00edndice de mortandad y heridos, por lo que insisti\u00f3 que es fundamental hacer lo correcto y revisar el tema.<br>\u201cSe trata de hacer lo correcto y lo que en esencia nos corresponde como legisladores, porque de haberse atendido; cu\u00e1ntas vidas se hubieran salvado, y no centrarnos en el discurso mezquino, que no podemos hacerlo, porque eso le afecta al presidente, son vidas humanas y no temas de popularidad o impopularidad\u201d, indic\u00f3.<br>Finalmente enfatiz\u00f3 que ante hechos tan lamentables como el ocurrido hace unos d\u00edas, en el que una familia de seis integrantes perdiera la vida e incluso el cierre de un tramo por un accidente de una pipa de combustible, se debe priorizar la seguridad de los usuarios, dotando de la infraestructura necesaria para dar cumplimiento a las normas nacionales e internacionales en la materia.<\/p>\n","protected":false},"excerpt":{"rendered":"<p>*Legisladores de diferentes fuerzas pol\u00edticas, respaldaron el punto de acuerdo que plantea la revisi\u00f3n de la concesi\u00f3n a la empresa responsable de administrar la autopista Siglo XXI.Morelia, Michoac\u00e1n, 14 de octubre de 2022.- El Pleno del Congreso del Estado de Michoac\u00e1n, aprob\u00f3 el exhorto que present\u00f3 la diputada por el Distrito 05 de Paracho, Er\u00e9ndira [&hellip;]<\/p>\n","protected":false},"author":1,"featured_media":9972,"comment_status":"open","ping_status":"closed","sticky":false,"template":"","format":"standard","meta":[],"categories":[1],"tags":[],"yoast_head":"<!-- This site is optimized with the Yoast SEO plugin v17.9 - https:\/\/yoast.com\/wordpress\/plugins\/seo\/ -->\n<title>Aprueba Congreso exhorto para ampliar carriles de Siglo XXI, presentado por Er\u00e9ndira Isauro - Reflejo de Michoac\u00e1n<\/title>\n<meta name=\"robots\" content=\"index, follow, max-snippet:-1, max-image-preview:large, max-video-preview:-1\" \/>\n<link rel=\"canonical\" href=\"https:\/\/reflejodemichoacan.com\/index.php\/2022\/10\/15\/aprueba-congreso-exhorto-para-ampliar-carriles-de-siglo-xxi-presentado-por-erendira-isauro\/\" \/>\n<meta property=\"og:locale\" content=\"es_MX\" \/>\n<meta property=\"og:type\" content=\"article\" \/>\n<meta property=\"og:title\" content=\"Aprueba Congreso exhorto para ampliar carriles de Siglo XXI, presentado por Er\u00e9ndira Isauro - Reflejo de Michoac\u00e1n\" \/>\n<meta property=\"og:description\" content=\"*Legisladores de diferentes fuerzas pol\u00edticas, respaldaron el punto de acuerdo que plantea la revisi\u00f3n de la concesi\u00f3n a la empresa responsable de administrar la autopista Siglo XXI.Morelia, Michoac\u00e1n, 14 de octubre de 2022.- El Pleno del Congreso del Estado de Michoac\u00e1n, aprob\u00f3 el exhorto que present\u00f3 la diputada por el Distrito 05 de Paracho, Er\u00e9ndira [&hellip;]\" \/>\n<meta property=\"og:url\" content=\"https:\/\/reflejodemichoacan.com\/index.php\/2022\/10\/15\/aprueba-congreso-exhorto-para-ampliar-carriles-de-siglo-xxi-presentado-por-erendira-isauro\/\" \/>\n<meta property=\"og:site_name\" content=\"Reflejo de Michoac\u00e1n\" \/>\n<meta property=\"article:published_time\" content=\"2022-10-15T00:18:23+00:00\" \/>\n<meta property=\"article:modified_time\" content=\"2022-10-15T00:18:26+00:00\" \/>\n<meta property=\"og:image\" content=\"https:\/\/reflejodemichoacan.com\/wp-content\/uploads\/2022\/10\/isauro.jpg\" \/>\n\t<meta property=\"og:image:width\" content=\"1280\" \/>\n\t<meta property=\"og:image:height\" content=\"852\" \/>\n\t<meta property=\"og:image:type\" content=\"image\/jpeg\" \/>\n<meta name=\"twitter:card\" content=\"summary_large_image\" \/>\n<meta name=\"twitter:label1\" content=\"Escrito por\" \/>\n\t<meta name=\"twitter:data1\" content=\"Aurora\" \/>\n\t<meta name=\"twitter:label2\" content=\"Tiempo de lectura\" \/>\n\t<meta name=\"twitter:data2\" content=\"3 minutos\" \/>\n<script type=\"application\/ld+json\" class=\"yoast-schema-graph\">{\"@context\":\"https:\/\/schema.org\",\"@graph\":[{\"@type\":\"WebSite\",\"@id\":\"https:\/\/reflejodemichoacan.com\/#website\",\"url\":\"https:\/\/reflejodemichoacan.com\/\",\"name\":\"Reflejo de Michoac\\u00e1n\",\"description\":\"Medio de comunicaci\\u00f3n impreso y digital al servicio de la regi\\u00f3n lacustre y Michoac\\u00e1n.\",\"potentialAction\":[{\"@type\":\"SearchAction\",\"target\":{\"@type\":\"EntryPoint\",\"urlTemplate\":\"https:\/\/reflejodemichoacan.com\/?s={search_term_string}\"},\"query-input\":\"required name=search_term_string\"}],\"inLanguage\":\"es-MX\"},{\"@type\":\"ImageObject\",\"@id\":\"https:\/\/reflejodemichoacan.com\/index.php\/2022\/10\/15\/aprueba-congreso-exhorto-para-ampliar-carriles-de-siglo-xxi-presentado-por-erendira-isauro\/#primaryimage\",\"inLanguage\":\"es-MX\",\"url\":\"https:\/\/reflejodemichoacan.com\/wp-content\/uploads\/2022\/10\/isauro.jpg\",\"contentUrl\":\"https:\/\/reflejodemichoacan.com\/wp-content\/uploads\/2022\/10\/isauro.jpg\",\"width\":1280,\"height\":852},{\"@type\":\"WebPage\",\"@id\":\"https:\/\/reflejodemichoacan.com\/index.php\/2022\/10\/15\/aprueba-congreso-exhorto-para-ampliar-carriles-de-siglo-xxi-presentado-por-erendira-isauro\/#webpage\",\"url\":\"https:\/\/reflejodemichoacan.com\/index.php\/2022\/10\/15\/aprueba-congreso-exhorto-para-ampliar-carriles-de-siglo-xxi-presentado-por-erendira-isauro\/\",\"name\":\"Aprueba Congreso exhorto para ampliar carriles de Siglo XXI, presentado por Er\\u00e9ndira Isauro - Reflejo de Michoac\\u00e1n\",\"isPartOf\":{\"@id\":\"https:\/\/reflejodemichoacan.com\/#website\"},\"primaryImageOfPage\":{\"@id\":\"https:\/\/reflejodemichoacan.com\/index.php\/2022\/10\/15\/aprueba-congreso-exhorto-para-ampliar-carriles-de-siglo-xxi-presentado-por-erendira-isauro\/#primaryimage\"},\"datePublished\":\"2022-10-15T00:18:23+00:00\",\"dateModified\":\"2022-10-15T00:18:26+00:00\",\"author\":{\"@id\":\"https:\/\/reflejodemichoacan.com\/#\/schema\/person\/72d921e8fe99bd6e2e39bcde8995046f\"},\"breadcrumb\":{\"@id\":\"https:\/\/reflejodemichoacan.com\/index.php\/2022\/10\/15\/aprueba-congreso-exhorto-para-ampliar-carriles-de-siglo-xxi-presentado-por-erendira-isauro\/#breadcrumb\"},\"inLanguage\":\"es-MX\",\"potentialAction\":[{\"@type\":\"ReadAction\",\"target\":[\"https:\/\/reflejodemichoacan.com\/index.php\/2022\/10\/15\/aprueba-congreso-exhorto-para-ampliar-carriles-de-siglo-xxi-presentado-por-erendira-isauro\/\"]}]},{\"@type\":\"BreadcrumbList\",\"@id\":\"https:\/\/reflejodemichoacan.com\/index.php\/2022\/10\/15\/aprueba-congreso-exhorto-para-ampliar-carriles-de-siglo-xxi-presentado-por-erendira-isauro\/#breadcrumb\",\"itemListElement\":[{\"@type\":\"ListItem\",\"position\":1,\"name\":\"Inicio\",\"item\":\"https:\/\/reflejodemichoacan.com\/\"},{\"@type\":\"ListItem\",\"position\":2,\"name\":\"Aprueba Congreso exhorto para ampliar carriles de Siglo XXI, presentado por Er\\u00e9ndira Isauro\"}]},{\"@type\":\"Person\",\"@id\":\"https:\/\/reflejodemichoacan.com\/#\/schema\/person\/72d921e8fe99bd6e2e39bcde8995046f\",\"name\":\"Aurora\",\"image\":{\"@type\":\"ImageObject\",\"@id\":\"https:\/\/reflejodemichoacan.com\/#personlogo\",\"inLanguage\":\"es-MX\",\"url\":\"https:\/\/secure.gravatar.com\/avatar\/df5ceb9b998be27b25dd258a6b4b0a95?s=96&d=mm&r=g\",\"contentUrl\":\"https:\/\/secure.gravatar.com\/avatar\/df5ceb9b998be27b25dd258a6b4b0a95?s=96&d=mm&r=g\",\"caption\":\"Aurora\"},\"sameAs\":[\"http:\/\/reflejodemichoacan.com\"],\"url\":\"https:\/\/reflejodemichoacan.com\/index.php\/author\/rixwm7qvsq\/\"}]}<\/script>\n<!-- \/ Yoast SEO plugin. -->","yoast_head_json":{"title":"Aprueba Congreso exhorto para ampliar carriles de Siglo XXI, presentado por Er\u00e9ndira Isauro - Reflejo de Michoac\u00e1n","robots":{"index":"index","follow":"follow","max-snippet":"max-snippet:-1","max-image-preview":"max-image-preview:large","max-video-preview":"max-video-preview:-1"},"canonical":"https:\/\/reflejodemichoacan.com\/index.php\/2022\/10\/15\/aprueba-congreso-exhorto-para-ampliar-carriles-de-siglo-xxi-presentado-por-erendira-isauro\/","og_locale":"es_MX","og_type":"article","og_title":"Aprueba Congreso exhorto para ampliar carriles de Siglo XXI, presentado por Er\u00e9ndira Isauro - Reflejo de Michoac\u00e1n","og_description":"*Legisladores de diferentes fuerzas pol\u00edticas, respaldaron el punto de acuerdo que plantea la revisi\u00f3n de la concesi\u00f3n a la empresa responsable de administrar la autopista Siglo XXI.Morelia, Michoac\u00e1n, 14 de octubre de 2022.- El Pleno del Congreso del Estado de Michoac\u00e1n, aprob\u00f3 el exhorto que present\u00f3 la diputada por el Distrito 05 de Paracho, Er\u00e9ndira [&hellip;]","og_url":"https:\/\/reflejodemichoacan.com\/index.php\/2022\/10\/15\/aprueba-congreso-exhorto-para-ampliar-carriles-de-siglo-xxi-presentado-por-erendira-isauro\/","og_site_name":"Reflejo de Michoac\u00e1n","article_published_time":"2022-10-15T00:18:23+00:00","article_modified_time":"2022-10-15T00:18:26+00:00","og_image":[{"width":1280,"height":852,"url":"https:\/\/reflejodemichoacan.com\/wp-content\/uploads\/2022\/10\/isauro.jpg","type":"image\/jpeg"}],"twitter_card":"summary_large_image","twitter_misc":{"Escrito por":"Aurora","Tiempo de lectura":"3 minutos"},"schema":{"@context":"https:\/\/schema.org","@graph":[{"@type":"WebSite","@id":"https:\/\/reflejodemichoacan.com\/#website","url":"https:\/\/reflejodemichoacan.com\/","name":"Reflejo de Michoac\u00e1n","description":"Medio de comunicaci\u00f3n impreso y digital al servicio de la regi\u00f3n lacustre y Michoac\u00e1n.","potentialAction":[{"@type":"SearchAction","target":{"@type":"EntryPoint","urlTemplate":"https:\/\/reflejodemichoacan.com\/?s={search_term_string}"},"query-input":"required name=search_term_string"}],"inLanguage":"es-MX"},{"@type":"ImageObject","@id":"https:\/\/reflejodemichoacan.com\/index.php\/2022\/10\/15\/aprueba-congreso-exhorto-para-ampliar-carriles-de-siglo-xxi-presentado-por-erendira-isauro\/#primaryimage","inLanguage":"es-MX","url":"https:\/\/reflejodemichoacan.com\/wp-content\/uploads\/2022\/10\/isauro.jpg","contentUrl":"https:\/\/reflejodemichoacan.com\/wp-content\/uploads\/2022\/10\/isauro.jpg","width":1280,"height":852},{"@type":"WebPage","@id":"https:\/\/reflejodemichoacan.com\/index.php\/2022\/10\/15\/aprueba-congreso-exhorto-para-ampliar-carriles-de-siglo-xxi-presentado-por-erendira-isauro\/#webpage","url":"https:\/\/reflejodemichoacan.com\/index.php\/2022\/10\/15\/aprueba-congreso-exhorto-para-ampliar-carriles-de-siglo-xxi-presentado-por-erendira-isauro\/","name":"Aprueba Congreso exhorto para ampliar carriles de Siglo XXI, presentado por Er\u00e9ndira Isauro - Reflejo de Michoac\u00e1n","isPartOf":{"@id":"https:\/\/reflejodemichoacan.com\/#website"},"primaryImageOfPage":{"@id":"https:\/\/reflejodemichoacan.com\/index.php\/2022\/10\/15\/aprueba-congreso-exhorto-para-ampliar-carriles-de-siglo-xxi-presentado-por-erendira-isauro\/#primaryimage"},"datePublished":"2022-10-15T00:18:23+00:00","dateModified":"2022-10-15T00:18:26+00:00","author":{"@id":"https:\/\/reflejodemichoacan.com\/#\/schema\/person\/72d921e8fe99bd6e2e39bcde8995046f"},"breadcrumb":{"@id":"https:\/\/reflejodemichoacan.com\/index.php\/2022\/10\/15\/aprueba-congreso-exhorto-para-ampliar-carriles-de-siglo-xxi-presentado-por-erendira-isauro\/#breadcrumb"},"inLanguage":"es-MX","potentialAction":[{"@type":"ReadAction","target":["https:\/\/reflejodemichoacan.com\/index.php\/2022\/10\/15\/aprueba-congreso-exhorto-para-ampliar-carriles-de-siglo-xxi-presentado-por-erendira-isauro\/"]}]},{"@type":"BreadcrumbList","@id":"https:\/\/reflejodemichoacan.com\/index.php\/2022\/10\/15\/aprueba-congreso-exhorto-para-ampliar-carriles-de-siglo-xxi-presentado-por-erendira-isauro\/#breadcrumb","itemListElement":[{"@type":"ListItem","position":1,"name":"Inicio","item":"https:\/\/reflejodemichoacan.com\/"},{"@type":"ListItem","position":2,"name":"Aprueba Congreso exhorto para ampliar carriles de Siglo XXI, presentado por Er\u00e9ndira Isauro"}]},{"@type":"Person","@id":"https:\/\/reflejodemichoacan.com\/#\/schema\/person\/72d921e8fe99bd6e2e39bcde8995046f","name":"Aurora","image":{"@type":"ImageObject","@id":"https:\/\/reflejodemichoacan.com\/#personlogo","inLanguage":"es-MX","url":"https:\/\/secure.gravatar.com\/avatar\/df5ceb9b998be27b25dd258a6b4b0a95?s=96&d=mm&r=g","contentUrl":"https:\/\/secure.gravatar.com\/avatar\/df5ceb9b998be27b25dd258a6b4b0a95?s=96&d=mm&r=g","caption":"Aurora"},"sameAs":["http:\/\/reflejodemichoacan.com"],"url":"https:\/\/reflejodemichoacan.com\/index.php\/author\/rixwm7qvsq\/"}]}},"_links":{"self":[{"href":"https:\/\/reflejodemichoacan.com\/index.php\/wp-json\/wp\/v2\/posts\/9971"}],"collection":[{"href":"https:\/\/reflejodemichoacan.com\/index.php\/wp-json\/wp\/v2\/posts"}],"about":[{"href":"https:\/\/reflejodemichoacan.com\/index.php\/wp-json\/wp\/v2\/types\/post"}],"author":[{"embeddable":true,"href":"https:\/\/reflejodemichoacan.com\/index.php\/wp-json\/wp\/v2\/users\/1"}],"replies":[{"embeddable":true,"href":"https:\/\/reflejodemichoacan.com\/index.php\/wp-json\/wp\/v2\/comments?post=9971"}],"version-history":[{"count":1,"href":"https:\/\/reflejodemichoacan.com\/index.php\/wp-json\/wp\/v2\/posts\/9971\/revisions"}],"predecessor-version":[{"id":9973,"href":"https:\/\/reflejodemichoacan.com\/index.php\/wp-json\/wp\/v2\/posts\/9971\/revisions\/9973"}],"wp:featuredmedia":[{"embeddable":true,"href":"https:\/\/reflejodemichoacan.com\/index.php\/wp-json\/wp\/v2\/media\/9972"}],"wp:attachment":[{"href":"https:\/\/reflejodemichoacan.com\/index.php\/wp-json\/wp\/v2\/media?parent=9971"}],"wp:term":[{"taxonomy":"category","embeddable":true,"href":"https:\/\/reflejodemichoacan.com\/index.php\/wp-json\/wp\/v2\/categories?post=9971"},{"taxonomy":"post_tag","embeddable":true,"href":"https:\/\/reflejodemichoacan.com\/index.php\/wp-json\/wp\/v2\/tags?post=9971"}],"curies":[{"name":"wp","href":"https:\/\/api.w.org\/{rel}","templated":true}]}}