{"id":9974,"date":"2022-10-15T00:21:47","date_gmt":"2022-10-15T00:21:47","guid":{"rendered":"https:\/\/reflejodemichoacan.com\/?p=9974"},"modified":"2022-10-15T00:21:49","modified_gmt":"2022-10-15T00:21:49","slug":"con-buzon-violeta-protegeremos-a-las-mujeres-de-la-violencia-laboral-reyes-galindo","status":"publish","type":"post","link":"https:\/\/reflejodemichoacan.com\/index.php\/2022\/10\/15\/con-buzon-violeta-protegeremos-a-las-mujeres-de-la-violencia-laboral-reyes-galindo\/","title":{"rendered":"Con Buz\u00f3n Violeta protegeremos a las mujeres de la violencia laboral: Reyes Galindo"},"content":{"rendered":"\n<p>*La iniciativa pretende recibir denuncias de manera an\u00f3nima y darles seguimiento, se\u00f1al\u00f3 el diputado.<br>Morelia, Mich., 14 de octubre de 2022.-A efecto de generar m\u00e1s y mejores garant\u00edas para una vida de violencia hacia las mujeres en Michoac\u00e1n, el coordinador del Partido del Trabajo en el Congreso de Michoac\u00e1n, Reyes Galindo Pedraza, present\u00f3 una iniciativa en la que se incluye la colocaci\u00f3n de un buz\u00f3n violeta que reciba denuncias de aquellas f\u00e9minas que sufran alg\u00fan tipo de agresi\u00f3n en materia laboral.<br>El legislador explic\u00f3 que este planteamiento pretende que el Estado garantice un espacio laboral adecuado y con perspectiva de g\u00e9nero en todas las dependencias p\u00fablicas, incluy\u00e9ndose los distintos poderes p\u00fablicos y los organismos aut\u00f3nomos.\u00a0<br>&#8220;Es hora de marcar un alto a la violencia laboral manifestamos nuestro apoyo a las trabajadoras que en alg\u00fan momento han sido v\u00edctimas; y a aquellas que est\u00e1n viviendo esta situaci\u00f3n les pedimos que denuncien, que se acerquen a nosotros: \u00a1no est\u00e1n solas!&#8221;, asever\u00f3.<br>Reyes Galindo, detall\u00f3 que las denuncias que se reciban en el buz\u00f3n violeta, adem\u00e1s de ser an\u00f3nimas, se garantizar\u00e1 la protecci\u00f3n de la persona quejosa, comprometi\u00e9ndose a dar seguimiento con las instancias correspondientes.<br>Dijo que este documento se basa en qu\u00e9 debe de establecerse en un marco constitucional garant\u00eda del ejercicio de los derechos, as\u00ed como establecer mecanismos que prevengan discriminaci\u00f3n por raz\u00f3n de g\u00e9nero.\u00a0<br>&#8220;Como Entidad Federativa tenemos el compromiso de hacer efectiva la actuaci\u00f3n de protocolos y acciones que eviten cualquier tipo de violencia para los hombres y mujeres. En este caso, las mujeres ha sido un sector de la poblaci\u00f3n que ha sido objeto de diversas formas de exclusi\u00f3n, en el \u00e1mbito, laboral, familiar, de la comunidad e institucional&#8221;, apunt\u00f3 el coordinador parlamentario del PT.<\/p>\n","protected":false},"excerpt":{"rendered":"<p>*La iniciativa pretende recibir denuncias de manera an\u00f3nima y darles seguimiento, se\u00f1al\u00f3 el diputado.Morelia, Mich., 14 de octubre de 2022.-A efecto de generar m\u00e1s y mejores garant\u00edas para una vida de violencia hacia las mujeres en Michoac\u00e1n, el coordinador del Partido del Trabajo en el Congreso de Michoac\u00e1n, Reyes Galindo Pedraza, present\u00f3 una iniciativa en [&hellip;]<\/p>\n","protected":false},"author":1,"featured_media":9975,"comment_status":"open","ping_status":"closed","sticky":false,"template":"","format":"standard","meta":[],"categories":[1],"tags":[],"yoast_head":"<!-- This site is optimized with the Yoast SEO plugin v17.9 - https:\/\/yoast.com\/wordpress\/plugins\/seo\/ -->\n<title>Con Buz\u00f3n Violeta protegeremos a las mujeres de la violencia laboral: Reyes Galindo - Reflejo de Michoac\u00e1n<\/title>\n<meta name=\"robots\" content=\"index, follow, max-snippet:-1, max-image-preview:large, max-video-preview:-1\" \/>\n<link rel=\"canonical\" href=\"https:\/\/reflejodemichoacan.com\/index.php\/2022\/10\/15\/con-buzon-violeta-protegeremos-a-las-mujeres-de-la-violencia-laboral-reyes-galindo\/\" \/>\n<meta property=\"og:locale\" content=\"es_MX\" \/>\n<meta property=\"og:type\" content=\"article\" \/>\n<meta property=\"og:title\" content=\"Con Buz\u00f3n Violeta protegeremos a las mujeres de la violencia laboral: Reyes Galindo - Reflejo de Michoac\u00e1n\" \/>\n<meta property=\"og:description\" content=\"*La iniciativa pretende recibir denuncias de manera an\u00f3nima y darles seguimiento, se\u00f1al\u00f3 el diputado.Morelia, Mich., 14 de octubre de 2022.-A efecto de generar m\u00e1s y mejores garant\u00edas para una vida de violencia hacia las mujeres en Michoac\u00e1n, el coordinador del Partido del Trabajo en el Congreso de Michoac\u00e1n, Reyes Galindo Pedraza, present\u00f3 una iniciativa en [&hellip;]\" \/>\n<meta property=\"og:url\" content=\"https:\/\/reflejodemichoacan.com\/index.php\/2022\/10\/15\/con-buzon-violeta-protegeremos-a-las-mujeres-de-la-violencia-laboral-reyes-galindo\/\" \/>\n<meta property=\"og:site_name\" content=\"Reflejo de Michoac\u00e1n\" \/>\n<meta property=\"article:published_time\" content=\"2022-10-15T00:21:47+00:00\" \/>\n<meta property=\"article:modified_time\" content=\"2022-10-15T00:21:49+00:00\" \/>\n<meta property=\"og:image\" content=\"https:\/\/reflejodemichoacan.com\/wp-content\/uploads\/2022\/10\/Buzon.jpg\" \/>\n\t<meta property=\"og:image:width\" content=\"960\" \/>\n\t<meta property=\"og:image:height\" content=\"640\" \/>\n\t<meta property=\"og:image:type\" content=\"image\/jpeg\" \/>\n<meta name=\"twitter:card\" content=\"summary_large_image\" \/>\n<meta name=\"twitter:label1\" content=\"Escrito por\" \/>\n\t<meta name=\"twitter:data1\" content=\"Aurora\" \/>\n\t<meta name=\"twitter:label2\" content=\"Tiempo de lectura\" \/>\n\t<meta name=\"twitter:data2\" content=\"2 minutos\" \/>\n<script type=\"application\/ld+json\" class=\"yoast-schema-graph\">{\"@context\":\"https:\/\/schema.org\",\"@graph\":[{\"@type\":\"WebSite\",\"@id\":\"https:\/\/reflejodemichoacan.com\/#website\",\"url\":\"https:\/\/reflejodemichoacan.com\/\",\"name\":\"Reflejo de Michoac\\u00e1n\",\"description\":\"Medio de comunicaci\\u00f3n impreso y digital al servicio de la regi\\u00f3n lacustre y Michoac\\u00e1n.\",\"potentialAction\":[{\"@type\":\"SearchAction\",\"target\":{\"@type\":\"EntryPoint\",\"urlTemplate\":\"https:\/\/reflejodemichoacan.com\/?s={search_term_string}\"},\"query-input\":\"required name=search_term_string\"}],\"inLanguage\":\"es-MX\"},{\"@type\":\"ImageObject\",\"@id\":\"https:\/\/reflejodemichoacan.com\/index.php\/2022\/10\/15\/con-buzon-violeta-protegeremos-a-las-mujeres-de-la-violencia-laboral-reyes-galindo\/#primaryimage\",\"inLanguage\":\"es-MX\",\"url\":\"https:\/\/reflejodemichoacan.com\/wp-content\/uploads\/2022\/10\/Buzon.jpg\",\"contentUrl\":\"https:\/\/reflejodemichoacan.com\/wp-content\/uploads\/2022\/10\/Buzon.jpg\",\"width\":960,\"height\":640},{\"@type\":\"WebPage\",\"@id\":\"https:\/\/reflejodemichoacan.com\/index.php\/2022\/10\/15\/con-buzon-violeta-protegeremos-a-las-mujeres-de-la-violencia-laboral-reyes-galindo\/#webpage\",\"url\":\"https:\/\/reflejodemichoacan.com\/index.php\/2022\/10\/15\/con-buzon-violeta-protegeremos-a-las-mujeres-de-la-violencia-laboral-reyes-galindo\/\",\"name\":\"Con Buz\\u00f3n Violeta protegeremos a las mujeres de la violencia laboral: Reyes Galindo - Reflejo de Michoac\\u00e1n\",\"isPartOf\":{\"@id\":\"https:\/\/reflejodemichoacan.com\/#website\"},\"primaryImageOfPage\":{\"@id\":\"https:\/\/reflejodemichoacan.com\/index.php\/2022\/10\/15\/con-buzon-violeta-protegeremos-a-las-mujeres-de-la-violencia-laboral-reyes-galindo\/#primaryimage\"},\"datePublished\":\"2022-10-15T00:21:47+00:00\",\"dateModified\":\"2022-10-15T00:21:49+00:00\",\"author\":{\"@id\":\"https:\/\/reflejodemichoacan.com\/#\/schema\/person\/72d921e8fe99bd6e2e39bcde8995046f\"},\"breadcrumb\":{\"@id\":\"https:\/\/reflejodemichoacan.com\/index.php\/2022\/10\/15\/con-buzon-violeta-protegeremos-a-las-mujeres-de-la-violencia-laboral-reyes-galindo\/#breadcrumb\"},\"inLanguage\":\"es-MX\",\"potentialAction\":[{\"@type\":\"ReadAction\",\"target\":[\"https:\/\/reflejodemichoacan.com\/index.php\/2022\/10\/15\/con-buzon-violeta-protegeremos-a-las-mujeres-de-la-violencia-laboral-reyes-galindo\/\"]}]},{\"@type\":\"BreadcrumbList\",\"@id\":\"https:\/\/reflejodemichoacan.com\/index.php\/2022\/10\/15\/con-buzon-violeta-protegeremos-a-las-mujeres-de-la-violencia-laboral-reyes-galindo\/#breadcrumb\",\"itemListElement\":[{\"@type\":\"ListItem\",\"position\":1,\"name\":\"Inicio\",\"item\":\"https:\/\/reflejodemichoacan.com\/\"},{\"@type\":\"ListItem\",\"position\":2,\"name\":\"Con Buz\\u00f3n Violeta protegeremos a las mujeres de la violencia laboral: Reyes Galindo\"}]},{\"@type\":\"Person\",\"@id\":\"https:\/\/reflejodemichoacan.com\/#\/schema\/person\/72d921e8fe99bd6e2e39bcde8995046f\",\"name\":\"Aurora\",\"image\":{\"@type\":\"ImageObject\",\"@id\":\"https:\/\/reflejodemichoacan.com\/#personlogo\",\"inLanguage\":\"es-MX\",\"url\":\"https:\/\/secure.gravatar.com\/avatar\/df5ceb9b998be27b25dd258a6b4b0a95?s=96&d=mm&r=g\",\"contentUrl\":\"https:\/\/secure.gravatar.com\/avatar\/df5ceb9b998be27b25dd258a6b4b0a95?s=96&d=mm&r=g\",\"caption\":\"Aurora\"},\"sameAs\":[\"http:\/\/reflejodemichoacan.com\"],\"url\":\"https:\/\/reflejodemichoacan.com\/index.php\/author\/rixwm7qvsq\/\"}]}<\/script>\n<!-- \/ Yoast SEO plugin. -->","yoast_head_json":{"title":"Con Buz\u00f3n Violeta protegeremos a las mujeres de la violencia laboral: Reyes Galindo - Reflejo de Michoac\u00e1n","robots":{"index":"index","follow":"follow","max-snippet":"max-snippet:-1","max-image-preview":"max-image-preview:large","max-video-preview":"max-video-preview:-1"},"canonical":"https:\/\/reflejodemichoacan.com\/index.php\/2022\/10\/15\/con-buzon-violeta-protegeremos-a-las-mujeres-de-la-violencia-laboral-reyes-galindo\/","og_locale":"es_MX","og_type":"article","og_title":"Con Buz\u00f3n Violeta protegeremos a las mujeres de la violencia laboral: Reyes Galindo - Reflejo de Michoac\u00e1n","og_description":"*La iniciativa pretende recibir denuncias de manera an\u00f3nima y darles seguimiento, se\u00f1al\u00f3 el diputado.Morelia, Mich., 14 de octubre de 2022.-A efecto de generar m\u00e1s y mejores garant\u00edas para una vida de violencia hacia las mujeres en Michoac\u00e1n, el coordinador del Partido del Trabajo en el Congreso de Michoac\u00e1n, Reyes Galindo Pedraza, present\u00f3 una iniciativa en [&hellip;]","og_url":"https:\/\/reflejodemichoacan.com\/index.php\/2022\/10\/15\/con-buzon-violeta-protegeremos-a-las-mujeres-de-la-violencia-laboral-reyes-galindo\/","og_site_name":"Reflejo de Michoac\u00e1n","article_published_time":"2022-10-15T00:21:47+00:00","article_modified_time":"2022-10-15T00:21:49+00:00","og_image":[{"width":960,"height":640,"url":"https:\/\/reflejodemichoacan.com\/wp-content\/uploads\/2022\/10\/Buzon.jpg","type":"image\/jpeg"}],"twitter_card":"summary_large_image","twitter_misc":{"Escrito por":"Aurora","Tiempo de lectura":"2 minutos"},"schema":{"@context":"https:\/\/schema.org","@graph":[{"@type":"WebSite","@id":"https:\/\/reflejodemichoacan.com\/#website","url":"https:\/\/reflejodemichoacan.com\/","name":"Reflejo de Michoac\u00e1n","description":"Medio de comunicaci\u00f3n impreso y digital al servicio de la regi\u00f3n lacustre y Michoac\u00e1n.","potentialAction":[{"@type":"SearchAction","target":{"@type":"EntryPoint","urlTemplate":"https:\/\/reflejodemichoacan.com\/?s={search_term_string}"},"query-input":"required name=search_term_string"}],"inLanguage":"es-MX"},{"@type":"ImageObject","@id":"https:\/\/reflejodemichoacan.com\/index.php\/2022\/10\/15\/con-buzon-violeta-protegeremos-a-las-mujeres-de-la-violencia-laboral-reyes-galindo\/#primaryimage","inLanguage":"es-MX","url":"https:\/\/reflejodemichoacan.com\/wp-content\/uploads\/2022\/10\/Buzon.jpg","contentUrl":"https:\/\/reflejodemichoacan.com\/wp-content\/uploads\/2022\/10\/Buzon.jpg","width":960,"height":640},{"@type":"WebPage","@id":"https:\/\/reflejodemichoacan.com\/index.php\/2022\/10\/15\/con-buzon-violeta-protegeremos-a-las-mujeres-de-la-violencia-laboral-reyes-galindo\/#webpage","url":"https:\/\/reflejodemichoacan.com\/index.php\/2022\/10\/15\/con-buzon-violeta-protegeremos-a-las-mujeres-de-la-violencia-laboral-reyes-galindo\/","name":"Con Buz\u00f3n Violeta protegeremos a las mujeres de la violencia laboral: Reyes Galindo - Reflejo de Michoac\u00e1n","isPartOf":{"@id":"https:\/\/reflejodemichoacan.com\/#website"},"primaryImageOfPage":{"@id":"https:\/\/reflejodemichoacan.com\/index.php\/2022\/10\/15\/con-buzon-violeta-protegeremos-a-las-mujeres-de-la-violencia-laboral-reyes-galindo\/#primaryimage"},"datePublished":"2022-10-15T00:21:47+00:00","dateModified":"2022-10-15T00:21:49+00:00","author":{"@id":"https:\/\/reflejodemichoacan.com\/#\/schema\/person\/72d921e8fe99bd6e2e39bcde8995046f"},"breadcrumb":{"@id":"https:\/\/reflejodemichoacan.com\/index.php\/2022\/10\/15\/con-buzon-violeta-protegeremos-a-las-mujeres-de-la-violencia-laboral-reyes-galindo\/#breadcrumb"},"inLanguage":"es-MX","potentialAction":[{"@type":"ReadAction","target":["https:\/\/reflejodemichoacan.com\/index.php\/2022\/10\/15\/con-buzon-violeta-protegeremos-a-las-mujeres-de-la-violencia-laboral-reyes-galindo\/"]}]},{"@type":"BreadcrumbList","@id":"https:\/\/reflejodemichoacan.com\/index.php\/2022\/10\/15\/con-buzon-violeta-protegeremos-a-las-mujeres-de-la-violencia-laboral-reyes-galindo\/#breadcrumb","itemListElement":[{"@type":"ListItem","position":1,"name":"Inicio","item":"https:\/\/reflejodemichoacan.com\/"},{"@type":"ListItem","position":2,"name":"Con Buz\u00f3n Violeta protegeremos a las mujeres de la violencia laboral: Reyes Galindo"}]},{"@type":"Person","@id":"https:\/\/reflejodemichoacan.com\/#\/schema\/person\/72d921e8fe99bd6e2e39bcde8995046f","name":"Aurora","image":{"@type":"ImageObject","@id":"https:\/\/reflejodemichoacan.com\/#personlogo","inLanguage":"es-MX","url":"https:\/\/secure.gravatar.com\/avatar\/df5ceb9b998be27b25dd258a6b4b0a95?s=96&d=mm&r=g","contentUrl":"https:\/\/secure.gravatar.com\/avatar\/df5ceb9b998be27b25dd258a6b4b0a95?s=96&d=mm&r=g","caption":"Aurora"},"sameAs":["http:\/\/reflejodemichoacan.com"],"url":"https:\/\/reflejodemichoacan.com\/index.php\/author\/rixwm7qvsq\/"}]}},"_links":{"self":[{"href":"https:\/\/reflejodemichoacan.com\/index.php\/wp-json\/wp\/v2\/posts\/9974"}],"collection":[{"href":"https:\/\/reflejodemichoacan.com\/index.php\/wp-json\/wp\/v2\/posts"}],"about":[{"href":"https:\/\/reflejodemichoacan.com\/index.php\/wp-json\/wp\/v2\/types\/post"}],"author":[{"embeddable":true,"href":"https:\/\/reflejodemichoacan.com\/index.php\/wp-json\/wp\/v2\/users\/1"}],"replies":[{"embeddable":true,"href":"https:\/\/reflejodemichoacan.com\/index.php\/wp-json\/wp\/v2\/comments?post=9974"}],"version-history":[{"count":1,"href":"https:\/\/reflejodemichoacan.com\/index.php\/wp-json\/wp\/v2\/posts\/9974\/revisions"}],"predecessor-version":[{"id":9976,"href":"https:\/\/reflejodemichoacan.com\/index.php\/wp-json\/wp\/v2\/posts\/9974\/revisions\/9976"}],"wp:featuredmedia":[{"embeddable":true,"href":"https:\/\/reflejodemichoacan.com\/index.php\/wp-json\/wp\/v2\/media\/9975"}],"wp:attachment":[{"href":"https:\/\/reflejodemichoacan.com\/index.php\/wp-json\/wp\/v2\/media?parent=9974"}],"wp:term":[{"taxonomy":"category","embeddable":true,"href":"https:\/\/reflejodemichoacan.com\/index.php\/wp-json\/wp\/v2\/categories?post=9974"},{"taxonomy":"post_tag","embeddable":true,"href":"https:\/\/reflejodemichoacan.com\/index.php\/wp-json\/wp\/v2\/tags?post=9974"}],"curies":[{"name":"wp","href":"https:\/\/api.w.org\/{rel}","templated":true}]}}