{"id":9982,"date":"2022-10-17T23:35:28","date_gmt":"2022-10-17T23:35:28","guid":{"rendered":"https:\/\/reflejodemichoacan.com\/?p=9982"},"modified":"2022-10-17T23:35:32","modified_gmt":"2022-10-17T23:35:32","slug":"75-legislatura-rinde-homenaje-a-maria-del-refugio-garcia-martinez-inscribe-su-nombre-en-letras-de-oro","status":"publish","type":"post","link":"https:\/\/reflejodemichoacan.com\/index.php\/2022\/10\/17\/75-legislatura-rinde-homenaje-a-maria-del-refugio-garcia-martinez-inscribe-su-nombre-en-letras-de-oro\/","title":{"rendered":"75 Legislatura rinde homenaje a Mar\u00eda del Refugio Garc\u00eda Mart\u00ednez; inscribe su nombre en letras de oro"},"content":{"rendered":"\n<p>\u2022 Garc\u00eda Mart\u00ednez dedic\u00f3 su vida a defender los derechos pol\u00edticos de las mujeres; es ejemplo a seguir<br>Morelia, Michoac\u00e1n, 17 de octubre de 2022.- Por su vida dedicada a defender los derechos pol\u00edticos de las mujeres, el nombre de Mar\u00eda del Refugio Garc\u00eda Mart\u00ednez fue inscrito en letras de oro en la sede del Congreso del Estado, en un homenaje que le ofreci\u00f3 este d\u00eda la 75 Legislatura de Michoac\u00e1n.<br>Mar\u00eda del Refugio fue una destacada feminista michoacana que particip\u00f3 con valor y determinaci\u00f3n en la lucha, se\u00f1al\u00f3 la diputada presidenta de la Mesa Directiva, Julieta Garc\u00eda Zepeda, en su mensaje de bienvenida.<br>Durante el acto c\u00edvico en el que se devel\u00f3 el nombre de \u201cMar\u00eda del Refugio Garc\u00eda Mart\u00ednez\u201d, inscrito en letras de oro en el Frontispicio de Honor del Recinto Legislativo, ante representantes de los poderes Ejecutivo y Judicial; alcaldes, funcionarios e invitados especiales, la diputada Mar\u00eda de la Luz N\u00fa\u00f1ez Ramos, subray\u00f3 la importancia de rendir homenaje a una michoacana reconocida por su incansable lucha sufragista en pro de la mujer.<br>\u201cEl Congreso de Michoac\u00e1n celebra un acto de justicia hist\u00f3rico, al honrar la figura y la memoria de Mar\u00eda del Refugio Garc\u00eda Mart\u00ednez, \u201cCuca Garc\u00eda\u201d, mujer de oro, as\u00ed como la lucha de las mujeres que, junto a ella, antes y despu\u00e9s, contin\u00faan pugnando por los derechos y libertades de las mexicanas, en todos los aspectos y en todos los espacios de la vida p\u00fablica y privada del pa\u00eds\u201d, apunt\u00f3 la legisladora.<br>Al hacer un recuento de sus aportaciones, la diputada presidenta de la Comisi\u00f3n de Igualdad Sustantiva y de G\u00e9nero, refiri\u00f3, que, como maestra rural, form\u00f3 parte del proyecto vasconcelista; como activista pol\u00edtica, se sum\u00f3 a las causas de la Revoluci\u00f3n Mexicana con Madero y despu\u00e9s con Carranza, y abon\u00f3 al cumplimiento de los postulados de la Constituci\u00f3n de 1917 al lado de los generales L\u00e1zaro C\u00e1rdenas y Francisco M\u00fagica.<br>De igual forma, encabez\u00f3 las demandas de la lucha feminista de su tiempo en pro de la equidad, la inclusi\u00f3n, el respeto y la igualdad. As\u00ed, su potente figura destaca entre las precursoras del feminismo y constituye un referente indiscutible de las candidaturas independientes en el pa\u00eds, puntualiz\u00f3.<br>\u201cSu lucha sufragista deriv\u00f3 en la conquista de los derechos pol\u00edticos de las mujeres, particularmente de su derecho a ser votadas en cargos de elecci\u00f3n popular; fue la conquista de la ciudadan\u00eda plena para todas nosotras; si hoy d\u00eda, las mujeres hacemos mayor\u00eda en el Congreso local, es gracias al hero\u00edsmo y la visi\u00f3n de compa\u00f1eras de g\u00e9nero como Cuca Garc\u00eda\u201d, subray\u00f3 finalmente.<\/p>\n","protected":false},"excerpt":{"rendered":"<p>\u2022 Garc\u00eda Mart\u00ednez dedic\u00f3 su vida a defender los derechos pol\u00edticos de las mujeres; es ejemplo a seguirMorelia, Michoac\u00e1n, 17 de octubre de 2022.- Por su vida dedicada a defender los derechos pol\u00edticos de las mujeres, el nombre de Mar\u00eda del Refugio Garc\u00eda Mart\u00ednez fue inscrito en letras de oro en la sede del Congreso [&hellip;]<\/p>\n","protected":false},"author":1,"featured_media":9983,"comment_status":"open","ping_status":"closed","sticky":false,"template":"","format":"standard","meta":[],"categories":[1],"tags":[],"yoast_head":"<!-- This site is optimized with the Yoast SEO plugin v17.9 - https:\/\/yoast.com\/wordpress\/plugins\/seo\/ -->\n<title>75 Legislatura rinde homenaje a Mar\u00eda del Refugio Garc\u00eda Mart\u00ednez; inscribe su nombre en letras de oro - Reflejo de Michoac\u00e1n<\/title>\n<meta name=\"robots\" content=\"index, follow, max-snippet:-1, max-image-preview:large, max-video-preview:-1\" \/>\n<link rel=\"canonical\" href=\"https:\/\/reflejodemichoacan.com\/index.php\/2022\/10\/17\/75-legislatura-rinde-homenaje-a-maria-del-refugio-garcia-martinez-inscribe-su-nombre-en-letras-de-oro\/\" \/>\n<meta property=\"og:locale\" content=\"es_MX\" \/>\n<meta property=\"og:type\" content=\"article\" \/>\n<meta property=\"og:title\" content=\"75 Legislatura rinde homenaje a Mar\u00eda del Refugio Garc\u00eda Mart\u00ednez; inscribe su nombre en letras de oro - Reflejo de Michoac\u00e1n\" \/>\n<meta property=\"og:description\" content=\"\u2022 Garc\u00eda Mart\u00ednez dedic\u00f3 su vida a defender los derechos pol\u00edticos de las mujeres; es ejemplo a seguirMorelia, Michoac\u00e1n, 17 de octubre de 2022.- Por su vida dedicada a defender los derechos pol\u00edticos de las mujeres, el nombre de Mar\u00eda del Refugio Garc\u00eda Mart\u00ednez fue inscrito en letras de oro en la sede del Congreso [&hellip;]\" \/>\n<meta property=\"og:url\" content=\"https:\/\/reflejodemichoacan.com\/index.php\/2022\/10\/17\/75-legislatura-rinde-homenaje-a-maria-del-refugio-garcia-martinez-inscribe-su-nombre-en-letras-de-oro\/\" \/>\n<meta property=\"og:site_name\" content=\"Reflejo de Michoac\u00e1n\" \/>\n<meta property=\"article:published_time\" content=\"2022-10-17T23:35:28+00:00\" \/>\n<meta property=\"article:modified_time\" content=\"2022-10-17T23:35:32+00:00\" \/>\n<meta property=\"og:image\" content=\"https:\/\/reflejodemichoacan.com\/wp-content\/uploads\/2022\/10\/Maria-del-REfugio.jpg\" \/>\n\t<meta property=\"og:image:width\" content=\"1280\" \/>\n\t<meta property=\"og:image:height\" content=\"853\" \/>\n\t<meta property=\"og:image:type\" content=\"image\/jpeg\" \/>\n<meta name=\"twitter:card\" content=\"summary_large_image\" \/>\n<meta name=\"twitter:label1\" content=\"Escrito por\" \/>\n\t<meta name=\"twitter:data1\" content=\"Aurora\" \/>\n\t<meta name=\"twitter:label2\" content=\"Tiempo de lectura\" \/>\n\t<meta name=\"twitter:data2\" content=\"2 minutos\" \/>\n<script type=\"application\/ld+json\" class=\"yoast-schema-graph\">{\"@context\":\"https:\/\/schema.org\",\"@graph\":[{\"@type\":\"WebSite\",\"@id\":\"https:\/\/reflejodemichoacan.com\/#website\",\"url\":\"https:\/\/reflejodemichoacan.com\/\",\"name\":\"Reflejo de Michoac\\u00e1n\",\"description\":\"Medio de comunicaci\\u00f3n impreso y digital al servicio de la regi\\u00f3n lacustre y Michoac\\u00e1n.\",\"potentialAction\":[{\"@type\":\"SearchAction\",\"target\":{\"@type\":\"EntryPoint\",\"urlTemplate\":\"https:\/\/reflejodemichoacan.com\/?s={search_term_string}\"},\"query-input\":\"required name=search_term_string\"}],\"inLanguage\":\"es-MX\"},{\"@type\":\"ImageObject\",\"@id\":\"https:\/\/reflejodemichoacan.com\/index.php\/2022\/10\/17\/75-legislatura-rinde-homenaje-a-maria-del-refugio-garcia-martinez-inscribe-su-nombre-en-letras-de-oro\/#primaryimage\",\"inLanguage\":\"es-MX\",\"url\":\"https:\/\/reflejodemichoacan.com\/wp-content\/uploads\/2022\/10\/Maria-del-REfugio.jpg\",\"contentUrl\":\"https:\/\/reflejodemichoacan.com\/wp-content\/uploads\/2022\/10\/Maria-del-REfugio.jpg\",\"width\":1280,\"height\":853},{\"@type\":\"WebPage\",\"@id\":\"https:\/\/reflejodemichoacan.com\/index.php\/2022\/10\/17\/75-legislatura-rinde-homenaje-a-maria-del-refugio-garcia-martinez-inscribe-su-nombre-en-letras-de-oro\/#webpage\",\"url\":\"https:\/\/reflejodemichoacan.com\/index.php\/2022\/10\/17\/75-legislatura-rinde-homenaje-a-maria-del-refugio-garcia-martinez-inscribe-su-nombre-en-letras-de-oro\/\",\"name\":\"75 Legislatura rinde homenaje a Mar\\u00eda del Refugio Garc\\u00eda Mart\\u00ednez; inscribe su nombre en letras de oro - Reflejo de Michoac\\u00e1n\",\"isPartOf\":{\"@id\":\"https:\/\/reflejodemichoacan.com\/#website\"},\"primaryImageOfPage\":{\"@id\":\"https:\/\/reflejodemichoacan.com\/index.php\/2022\/10\/17\/75-legislatura-rinde-homenaje-a-maria-del-refugio-garcia-martinez-inscribe-su-nombre-en-letras-de-oro\/#primaryimage\"},\"datePublished\":\"2022-10-17T23:35:28+00:00\",\"dateModified\":\"2022-10-17T23:35:32+00:00\",\"author\":{\"@id\":\"https:\/\/reflejodemichoacan.com\/#\/schema\/person\/72d921e8fe99bd6e2e39bcde8995046f\"},\"breadcrumb\":{\"@id\":\"https:\/\/reflejodemichoacan.com\/index.php\/2022\/10\/17\/75-legislatura-rinde-homenaje-a-maria-del-refugio-garcia-martinez-inscribe-su-nombre-en-letras-de-oro\/#breadcrumb\"},\"inLanguage\":\"es-MX\",\"potentialAction\":[{\"@type\":\"ReadAction\",\"target\":[\"https:\/\/reflejodemichoacan.com\/index.php\/2022\/10\/17\/75-legislatura-rinde-homenaje-a-maria-del-refugio-garcia-martinez-inscribe-su-nombre-en-letras-de-oro\/\"]}]},{\"@type\":\"BreadcrumbList\",\"@id\":\"https:\/\/reflejodemichoacan.com\/index.php\/2022\/10\/17\/75-legislatura-rinde-homenaje-a-maria-del-refugio-garcia-martinez-inscribe-su-nombre-en-letras-de-oro\/#breadcrumb\",\"itemListElement\":[{\"@type\":\"ListItem\",\"position\":1,\"name\":\"Inicio\",\"item\":\"https:\/\/reflejodemichoacan.com\/\"},{\"@type\":\"ListItem\",\"position\":2,\"name\":\"75 Legislatura rinde homenaje a Mar\\u00eda del Refugio Garc\\u00eda Mart\\u00ednez; inscribe su nombre en letras de oro\"}]},{\"@type\":\"Person\",\"@id\":\"https:\/\/reflejodemichoacan.com\/#\/schema\/person\/72d921e8fe99bd6e2e39bcde8995046f\",\"name\":\"Aurora\",\"image\":{\"@type\":\"ImageObject\",\"@id\":\"https:\/\/reflejodemichoacan.com\/#personlogo\",\"inLanguage\":\"es-MX\",\"url\":\"https:\/\/secure.gravatar.com\/avatar\/df5ceb9b998be27b25dd258a6b4b0a95?s=96&d=mm&r=g\",\"contentUrl\":\"https:\/\/secure.gravatar.com\/avatar\/df5ceb9b998be27b25dd258a6b4b0a95?s=96&d=mm&r=g\",\"caption\":\"Aurora\"},\"sameAs\":[\"http:\/\/reflejodemichoacan.com\"],\"url\":\"https:\/\/reflejodemichoacan.com\/index.php\/author\/rixwm7qvsq\/\"}]}<\/script>\n<!-- \/ Yoast SEO plugin. -->","yoast_head_json":{"title":"75 Legislatura rinde homenaje a Mar\u00eda del Refugio Garc\u00eda Mart\u00ednez; inscribe su nombre en letras de oro - Reflejo de Michoac\u00e1n","robots":{"index":"index","follow":"follow","max-snippet":"max-snippet:-1","max-image-preview":"max-image-preview:large","max-video-preview":"max-video-preview:-1"},"canonical":"https:\/\/reflejodemichoacan.com\/index.php\/2022\/10\/17\/75-legislatura-rinde-homenaje-a-maria-del-refugio-garcia-martinez-inscribe-su-nombre-en-letras-de-oro\/","og_locale":"es_MX","og_type":"article","og_title":"75 Legislatura rinde homenaje a Mar\u00eda del Refugio Garc\u00eda Mart\u00ednez; inscribe su nombre en letras de oro - Reflejo de Michoac\u00e1n","og_description":"\u2022 Garc\u00eda Mart\u00ednez dedic\u00f3 su vida a defender los derechos pol\u00edticos de las mujeres; es ejemplo a seguirMorelia, Michoac\u00e1n, 17 de octubre de 2022.- Por su vida dedicada a defender los derechos pol\u00edticos de las mujeres, el nombre de Mar\u00eda del Refugio Garc\u00eda Mart\u00ednez fue inscrito en letras de oro en la sede del Congreso [&hellip;]","og_url":"https:\/\/reflejodemichoacan.com\/index.php\/2022\/10\/17\/75-legislatura-rinde-homenaje-a-maria-del-refugio-garcia-martinez-inscribe-su-nombre-en-letras-de-oro\/","og_site_name":"Reflejo de Michoac\u00e1n","article_published_time":"2022-10-17T23:35:28+00:00","article_modified_time":"2022-10-17T23:35:32+00:00","og_image":[{"width":1280,"height":853,"url":"https:\/\/reflejodemichoacan.com\/wp-content\/uploads\/2022\/10\/Maria-del-REfugio.jpg","type":"image\/jpeg"}],"twitter_card":"summary_large_image","twitter_misc":{"Escrito por":"Aurora","Tiempo de lectura":"2 minutos"},"schema":{"@context":"https:\/\/schema.org","@graph":[{"@type":"WebSite","@id":"https:\/\/reflejodemichoacan.com\/#website","url":"https:\/\/reflejodemichoacan.com\/","name":"Reflejo de Michoac\u00e1n","description":"Medio de comunicaci\u00f3n impreso y digital al servicio de la regi\u00f3n lacustre y Michoac\u00e1n.","potentialAction":[{"@type":"SearchAction","target":{"@type":"EntryPoint","urlTemplate":"https:\/\/reflejodemichoacan.com\/?s={search_term_string}"},"query-input":"required name=search_term_string"}],"inLanguage":"es-MX"},{"@type":"ImageObject","@id":"https:\/\/reflejodemichoacan.com\/index.php\/2022\/10\/17\/75-legislatura-rinde-homenaje-a-maria-del-refugio-garcia-martinez-inscribe-su-nombre-en-letras-de-oro\/#primaryimage","inLanguage":"es-MX","url":"https:\/\/reflejodemichoacan.com\/wp-content\/uploads\/2022\/10\/Maria-del-REfugio.jpg","contentUrl":"https:\/\/reflejodemichoacan.com\/wp-content\/uploads\/2022\/10\/Maria-del-REfugio.jpg","width":1280,"height":853},{"@type":"WebPage","@id":"https:\/\/reflejodemichoacan.com\/index.php\/2022\/10\/17\/75-legislatura-rinde-homenaje-a-maria-del-refugio-garcia-martinez-inscribe-su-nombre-en-letras-de-oro\/#webpage","url":"https:\/\/reflejodemichoacan.com\/index.php\/2022\/10\/17\/75-legislatura-rinde-homenaje-a-maria-del-refugio-garcia-martinez-inscribe-su-nombre-en-letras-de-oro\/","name":"75 Legislatura rinde homenaje a Mar\u00eda del Refugio Garc\u00eda Mart\u00ednez; inscribe su nombre en letras de oro - Reflejo de Michoac\u00e1n","isPartOf":{"@id":"https:\/\/reflejodemichoacan.com\/#website"},"primaryImageOfPage":{"@id":"https:\/\/reflejodemichoacan.com\/index.php\/2022\/10\/17\/75-legislatura-rinde-homenaje-a-maria-del-refugio-garcia-martinez-inscribe-su-nombre-en-letras-de-oro\/#primaryimage"},"datePublished":"2022-10-17T23:35:28+00:00","dateModified":"2022-10-17T23:35:32+00:00","author":{"@id":"https:\/\/reflejodemichoacan.com\/#\/schema\/person\/72d921e8fe99bd6e2e39bcde8995046f"},"breadcrumb":{"@id":"https:\/\/reflejodemichoacan.com\/index.php\/2022\/10\/17\/75-legislatura-rinde-homenaje-a-maria-del-refugio-garcia-martinez-inscribe-su-nombre-en-letras-de-oro\/#breadcrumb"},"inLanguage":"es-MX","potentialAction":[{"@type":"ReadAction","target":["https:\/\/reflejodemichoacan.com\/index.php\/2022\/10\/17\/75-legislatura-rinde-homenaje-a-maria-del-refugio-garcia-martinez-inscribe-su-nombre-en-letras-de-oro\/"]}]},{"@type":"BreadcrumbList","@id":"https:\/\/reflejodemichoacan.com\/index.php\/2022\/10\/17\/75-legislatura-rinde-homenaje-a-maria-del-refugio-garcia-martinez-inscribe-su-nombre-en-letras-de-oro\/#breadcrumb","itemListElement":[{"@type":"ListItem","position":1,"name":"Inicio","item":"https:\/\/reflejodemichoacan.com\/"},{"@type":"ListItem","position":2,"name":"75 Legislatura rinde homenaje a Mar\u00eda del Refugio Garc\u00eda Mart\u00ednez; inscribe su nombre en letras de oro"}]},{"@type":"Person","@id":"https:\/\/reflejodemichoacan.com\/#\/schema\/person\/72d921e8fe99bd6e2e39bcde8995046f","name":"Aurora","image":{"@type":"ImageObject","@id":"https:\/\/reflejodemichoacan.com\/#personlogo","inLanguage":"es-MX","url":"https:\/\/secure.gravatar.com\/avatar\/df5ceb9b998be27b25dd258a6b4b0a95?s=96&d=mm&r=g","contentUrl":"https:\/\/secure.gravatar.com\/avatar\/df5ceb9b998be27b25dd258a6b4b0a95?s=96&d=mm&r=g","caption":"Aurora"},"sameAs":["http:\/\/reflejodemichoacan.com"],"url":"https:\/\/reflejodemichoacan.com\/index.php\/author\/rixwm7qvsq\/"}]}},"_links":{"self":[{"href":"https:\/\/reflejodemichoacan.com\/index.php\/wp-json\/wp\/v2\/posts\/9982"}],"collection":[{"href":"https:\/\/reflejodemichoacan.com\/index.php\/wp-json\/wp\/v2\/posts"}],"about":[{"href":"https:\/\/reflejodemichoacan.com\/index.php\/wp-json\/wp\/v2\/types\/post"}],"author":[{"embeddable":true,"href":"https:\/\/reflejodemichoacan.com\/index.php\/wp-json\/wp\/v2\/users\/1"}],"replies":[{"embeddable":true,"href":"https:\/\/reflejodemichoacan.com\/index.php\/wp-json\/wp\/v2\/comments?post=9982"}],"version-history":[{"count":1,"href":"https:\/\/reflejodemichoacan.com\/index.php\/wp-json\/wp\/v2\/posts\/9982\/revisions"}],"predecessor-version":[{"id":9984,"href":"https:\/\/reflejodemichoacan.com\/index.php\/wp-json\/wp\/v2\/posts\/9982\/revisions\/9984"}],"wp:featuredmedia":[{"embeddable":true,"href":"https:\/\/reflejodemichoacan.com\/index.php\/wp-json\/wp\/v2\/media\/9983"}],"wp:attachment":[{"href":"https:\/\/reflejodemichoacan.com\/index.php\/wp-json\/wp\/v2\/media?parent=9982"}],"wp:term":[{"taxonomy":"category","embeddable":true,"href":"https:\/\/reflejodemichoacan.com\/index.php\/wp-json\/wp\/v2\/categories?post=9982"},{"taxonomy":"post_tag","embeddable":true,"href":"https:\/\/reflejodemichoacan.com\/index.php\/wp-json\/wp\/v2\/tags?post=9982"}],"curies":[{"name":"wp","href":"https:\/\/api.w.org\/{rel}","templated":true}]}}