{"id":9985,"date":"2022-10-17T23:40:06","date_gmt":"2022-10-17T23:40:06","guid":{"rendered":"https:\/\/reflejodemichoacan.com\/?p=9985"},"modified":"2022-10-17T23:40:11","modified_gmt":"2022-10-17T23:40:11","slug":"umsnh-pilar-del-progreso-y-desarrollo-de-michoacan-y-su-gente-julieta-garcia-zepeda","status":"publish","type":"post","link":"https:\/\/reflejodemichoacan.com\/index.php\/2022\/10\/17\/umsnh-pilar-del-progreso-y-desarrollo-de-michoacan-y-su-gente-julieta-garcia-zepeda\/","title":{"rendered":"UMSNH, pilar del progreso y desarrollo de Michoac\u00e1n y su gente: Julieta Garc\u00eda Zepeda"},"content":{"rendered":"\n<p>\u2022 La Casa de Hidalgo recibir\u00e1 por ello la presea Constituci\u00f3n de 1814 en Sesi\u00f3n Solemne a celebrarse en la ciudad de Apatzing\u00e1n.<br>*Morelia, Michoac\u00e1n, a 16 de octubre del 2022.-* Por ser una instituci\u00f3n pilar del progreso de Michoac\u00e1n y sus habitantes, la 75 Legislatura del Estado entregar\u00e1 a la Universidad Michoacana de San Nicol\u00e1s de Hidalgo (UMSNH) la presea \u201cConstituci\u00f3n de 1814\u201d, destac\u00f3 la diputada Julieta Garc\u00eda Zepeda, presidenta de la Mesa Directiva del Poder Legislativo.<br>Son 105 a\u00f1os, agreg\u00f3 la legisladora, de contribuir desde esa importante trinchera al engrandecimiento de nuestro Estado y tambi\u00e9n, desde el estudio y la investigaci\u00f3n, a alcanzar reconocimientos importantes a nivel internacional, para Michoac\u00e1n y para M\u00e9xico.<br>La presidenta de la Mesa Directiva del Congreso del Estado asisti\u00f3 ayer a la ceremonia conmemorativa del CV Aniversario de la Fundaci\u00f3n de la m\u00e1xima Casa de Estudios de Michoac\u00e1n, donde refrend\u00f3 su felicitaci\u00f3n a la UMSNH por su historia, sus contribuciones y por ser la forjadora de miles de estudiantes y profesionistas de muchas partes de M\u00e9xico.<br>\u201cNo existe en este mundo un compromiso m\u00e1s importante y esencial para el desarrollo de nuestros pa\u00edses que la educaci\u00f3n y la formaci\u00f3n de los futuros profesionistas, quienes recibir\u00e1n la responsabilidad de hacer un mejor estado y naci\u00f3n; y en la Universidad Michoacana cumplen con esa ardua labor bajo los fundamentos de la \u00e9tica que debe regir nuestras vidas\u201d, ponder\u00f3 Julieta Garc\u00eda.<br>La diputada presidenta, en representaci\u00f3n del Poder Legislativo, manifest\u00f3 que el Congreso del Estado es un aliado permanente de la educaci\u00f3n en Michoac\u00e1n, de ah\u00ed que se har\u00e1 entrega del preciado galard\u00f3n -Presea Constituci\u00f3n de 1814-, a la UM en Sesi\u00f3n Solemne en la ciudad de Apatzing\u00e1n; \u201csomos aliados de la Casa de Hidalgo, por ser cuna de la libertad y la democracia desde sus aulas\u201d.<\/p>\n","protected":false},"excerpt":{"rendered":"<p>\u2022 La Casa de Hidalgo recibir\u00e1 por ello la presea Constituci\u00f3n de 1814 en Sesi\u00f3n Solemne a celebrarse en la ciudad de Apatzing\u00e1n.*Morelia, Michoac\u00e1n, a 16 de octubre del 2022.-* Por ser una instituci\u00f3n pilar del progreso de Michoac\u00e1n y sus habitantes, la 75 Legislatura del Estado entregar\u00e1 a la Universidad Michoacana de San Nicol\u00e1s [&hellip;]<\/p>\n","protected":false},"author":1,"featured_media":9986,"comment_status":"open","ping_status":"closed","sticky":false,"template":"","format":"standard","meta":[],"categories":[1],"tags":[],"yoast_head":"<!-- This site is optimized with the Yoast SEO plugin v17.9 - https:\/\/yoast.com\/wordpress\/plugins\/seo\/ -->\n<title>UMSNH, pilar del progreso y desarrollo de Michoac\u00e1n y su gente: Julieta Garc\u00eda Zepeda - Reflejo de Michoac\u00e1n<\/title>\n<meta name=\"robots\" content=\"index, follow, max-snippet:-1, max-image-preview:large, max-video-preview:-1\" \/>\n<link rel=\"canonical\" href=\"https:\/\/reflejodemichoacan.com\/index.php\/2022\/10\/17\/umsnh-pilar-del-progreso-y-desarrollo-de-michoacan-y-su-gente-julieta-garcia-zepeda\/\" \/>\n<meta property=\"og:locale\" content=\"es_MX\" \/>\n<meta property=\"og:type\" content=\"article\" \/>\n<meta property=\"og:title\" content=\"UMSNH, pilar del progreso y desarrollo de Michoac\u00e1n y su gente: Julieta Garc\u00eda Zepeda - Reflejo de Michoac\u00e1n\" \/>\n<meta property=\"og:description\" content=\"\u2022 La Casa de Hidalgo recibir\u00e1 por ello la presea Constituci\u00f3n de 1814 en Sesi\u00f3n Solemne a celebrarse en la ciudad de Apatzing\u00e1n.*Morelia, Michoac\u00e1n, a 16 de octubre del 2022.-* Por ser una instituci\u00f3n pilar del progreso de Michoac\u00e1n y sus habitantes, la 75 Legislatura del Estado entregar\u00e1 a la Universidad Michoacana de San Nicol\u00e1s [&hellip;]\" \/>\n<meta property=\"og:url\" content=\"https:\/\/reflejodemichoacan.com\/index.php\/2022\/10\/17\/umsnh-pilar-del-progreso-y-desarrollo-de-michoacan-y-su-gente-julieta-garcia-zepeda\/\" \/>\n<meta property=\"og:site_name\" content=\"Reflejo de Michoac\u00e1n\" \/>\n<meta property=\"article:published_time\" content=\"2022-10-17T23:40:06+00:00\" \/>\n<meta property=\"article:modified_time\" content=\"2022-10-17T23:40:11+00:00\" \/>\n<meta property=\"og:image\" content=\"https:\/\/reflejodemichoacan.com\/wp-content\/uploads\/2022\/10\/UMSNH.jpg\" \/>\n\t<meta property=\"og:image:width\" content=\"960\" \/>\n\t<meta property=\"og:image:height\" content=\"720\" \/>\n\t<meta property=\"og:image:type\" content=\"image\/jpeg\" \/>\n<meta name=\"twitter:card\" content=\"summary_large_image\" \/>\n<meta name=\"twitter:label1\" content=\"Escrito por\" \/>\n\t<meta name=\"twitter:data1\" content=\"Aurora\" \/>\n\t<meta name=\"twitter:label2\" content=\"Tiempo de lectura\" \/>\n\t<meta name=\"twitter:data2\" content=\"2 minutos\" \/>\n<script type=\"application\/ld+json\" class=\"yoast-schema-graph\">{\"@context\":\"https:\/\/schema.org\",\"@graph\":[{\"@type\":\"WebSite\",\"@id\":\"https:\/\/reflejodemichoacan.com\/#website\",\"url\":\"https:\/\/reflejodemichoacan.com\/\",\"name\":\"Reflejo de Michoac\\u00e1n\",\"description\":\"Medio de comunicaci\\u00f3n impreso y digital al servicio de la regi\\u00f3n lacustre y Michoac\\u00e1n.\",\"potentialAction\":[{\"@type\":\"SearchAction\",\"target\":{\"@type\":\"EntryPoint\",\"urlTemplate\":\"https:\/\/reflejodemichoacan.com\/?s={search_term_string}\"},\"query-input\":\"required name=search_term_string\"}],\"inLanguage\":\"es-MX\"},{\"@type\":\"ImageObject\",\"@id\":\"https:\/\/reflejodemichoacan.com\/index.php\/2022\/10\/17\/umsnh-pilar-del-progreso-y-desarrollo-de-michoacan-y-su-gente-julieta-garcia-zepeda\/#primaryimage\",\"inLanguage\":\"es-MX\",\"url\":\"https:\/\/reflejodemichoacan.com\/wp-content\/uploads\/2022\/10\/UMSNH.jpg\",\"contentUrl\":\"https:\/\/reflejodemichoacan.com\/wp-content\/uploads\/2022\/10\/UMSNH.jpg\",\"width\":960,\"height\":720},{\"@type\":\"WebPage\",\"@id\":\"https:\/\/reflejodemichoacan.com\/index.php\/2022\/10\/17\/umsnh-pilar-del-progreso-y-desarrollo-de-michoacan-y-su-gente-julieta-garcia-zepeda\/#webpage\",\"url\":\"https:\/\/reflejodemichoacan.com\/index.php\/2022\/10\/17\/umsnh-pilar-del-progreso-y-desarrollo-de-michoacan-y-su-gente-julieta-garcia-zepeda\/\",\"name\":\"UMSNH, pilar del progreso y desarrollo de Michoac\\u00e1n y su gente: Julieta Garc\\u00eda Zepeda - Reflejo de Michoac\\u00e1n\",\"isPartOf\":{\"@id\":\"https:\/\/reflejodemichoacan.com\/#website\"},\"primaryImageOfPage\":{\"@id\":\"https:\/\/reflejodemichoacan.com\/index.php\/2022\/10\/17\/umsnh-pilar-del-progreso-y-desarrollo-de-michoacan-y-su-gente-julieta-garcia-zepeda\/#primaryimage\"},\"datePublished\":\"2022-10-17T23:40:06+00:00\",\"dateModified\":\"2022-10-17T23:40:11+00:00\",\"author\":{\"@id\":\"https:\/\/reflejodemichoacan.com\/#\/schema\/person\/72d921e8fe99bd6e2e39bcde8995046f\"},\"breadcrumb\":{\"@id\":\"https:\/\/reflejodemichoacan.com\/index.php\/2022\/10\/17\/umsnh-pilar-del-progreso-y-desarrollo-de-michoacan-y-su-gente-julieta-garcia-zepeda\/#breadcrumb\"},\"inLanguage\":\"es-MX\",\"potentialAction\":[{\"@type\":\"ReadAction\",\"target\":[\"https:\/\/reflejodemichoacan.com\/index.php\/2022\/10\/17\/umsnh-pilar-del-progreso-y-desarrollo-de-michoacan-y-su-gente-julieta-garcia-zepeda\/\"]}]},{\"@type\":\"BreadcrumbList\",\"@id\":\"https:\/\/reflejodemichoacan.com\/index.php\/2022\/10\/17\/umsnh-pilar-del-progreso-y-desarrollo-de-michoacan-y-su-gente-julieta-garcia-zepeda\/#breadcrumb\",\"itemListElement\":[{\"@type\":\"ListItem\",\"position\":1,\"name\":\"Inicio\",\"item\":\"https:\/\/reflejodemichoacan.com\/\"},{\"@type\":\"ListItem\",\"position\":2,\"name\":\"UMSNH, pilar del progreso y desarrollo de Michoac\\u00e1n y su gente: Julieta Garc\\u00eda Zepeda\"}]},{\"@type\":\"Person\",\"@id\":\"https:\/\/reflejodemichoacan.com\/#\/schema\/person\/72d921e8fe99bd6e2e39bcde8995046f\",\"name\":\"Aurora\",\"image\":{\"@type\":\"ImageObject\",\"@id\":\"https:\/\/reflejodemichoacan.com\/#personlogo\",\"inLanguage\":\"es-MX\",\"url\":\"https:\/\/secure.gravatar.com\/avatar\/df5ceb9b998be27b25dd258a6b4b0a95?s=96&d=mm&r=g\",\"contentUrl\":\"https:\/\/secure.gravatar.com\/avatar\/df5ceb9b998be27b25dd258a6b4b0a95?s=96&d=mm&r=g\",\"caption\":\"Aurora\"},\"sameAs\":[\"http:\/\/reflejodemichoacan.com\"],\"url\":\"https:\/\/reflejodemichoacan.com\/index.php\/author\/rixwm7qvsq\/\"}]}<\/script>\n<!-- \/ Yoast SEO plugin. -->","yoast_head_json":{"title":"UMSNH, pilar del progreso y desarrollo de Michoac\u00e1n y su gente: Julieta Garc\u00eda Zepeda - Reflejo de Michoac\u00e1n","robots":{"index":"index","follow":"follow","max-snippet":"max-snippet:-1","max-image-preview":"max-image-preview:large","max-video-preview":"max-video-preview:-1"},"canonical":"https:\/\/reflejodemichoacan.com\/index.php\/2022\/10\/17\/umsnh-pilar-del-progreso-y-desarrollo-de-michoacan-y-su-gente-julieta-garcia-zepeda\/","og_locale":"es_MX","og_type":"article","og_title":"UMSNH, pilar del progreso y desarrollo de Michoac\u00e1n y su gente: Julieta Garc\u00eda Zepeda - Reflejo de Michoac\u00e1n","og_description":"\u2022 La Casa de Hidalgo recibir\u00e1 por ello la presea Constituci\u00f3n de 1814 en Sesi\u00f3n Solemne a celebrarse en la ciudad de Apatzing\u00e1n.*Morelia, Michoac\u00e1n, a 16 de octubre del 2022.-* Por ser una instituci\u00f3n pilar del progreso de Michoac\u00e1n y sus habitantes, la 75 Legislatura del Estado entregar\u00e1 a la Universidad Michoacana de San Nicol\u00e1s [&hellip;]","og_url":"https:\/\/reflejodemichoacan.com\/index.php\/2022\/10\/17\/umsnh-pilar-del-progreso-y-desarrollo-de-michoacan-y-su-gente-julieta-garcia-zepeda\/","og_site_name":"Reflejo de Michoac\u00e1n","article_published_time":"2022-10-17T23:40:06+00:00","article_modified_time":"2022-10-17T23:40:11+00:00","og_image":[{"width":960,"height":720,"url":"https:\/\/reflejodemichoacan.com\/wp-content\/uploads\/2022\/10\/UMSNH.jpg","type":"image\/jpeg"}],"twitter_card":"summary_large_image","twitter_misc":{"Escrito por":"Aurora","Tiempo de lectura":"2 minutos"},"schema":{"@context":"https:\/\/schema.org","@graph":[{"@type":"WebSite","@id":"https:\/\/reflejodemichoacan.com\/#website","url":"https:\/\/reflejodemichoacan.com\/","name":"Reflejo de Michoac\u00e1n","description":"Medio de comunicaci\u00f3n impreso y digital al servicio de la regi\u00f3n lacustre y Michoac\u00e1n.","potentialAction":[{"@type":"SearchAction","target":{"@type":"EntryPoint","urlTemplate":"https:\/\/reflejodemichoacan.com\/?s={search_term_string}"},"query-input":"required name=search_term_string"}],"inLanguage":"es-MX"},{"@type":"ImageObject","@id":"https:\/\/reflejodemichoacan.com\/index.php\/2022\/10\/17\/umsnh-pilar-del-progreso-y-desarrollo-de-michoacan-y-su-gente-julieta-garcia-zepeda\/#primaryimage","inLanguage":"es-MX","url":"https:\/\/reflejodemichoacan.com\/wp-content\/uploads\/2022\/10\/UMSNH.jpg","contentUrl":"https:\/\/reflejodemichoacan.com\/wp-content\/uploads\/2022\/10\/UMSNH.jpg","width":960,"height":720},{"@type":"WebPage","@id":"https:\/\/reflejodemichoacan.com\/index.php\/2022\/10\/17\/umsnh-pilar-del-progreso-y-desarrollo-de-michoacan-y-su-gente-julieta-garcia-zepeda\/#webpage","url":"https:\/\/reflejodemichoacan.com\/index.php\/2022\/10\/17\/umsnh-pilar-del-progreso-y-desarrollo-de-michoacan-y-su-gente-julieta-garcia-zepeda\/","name":"UMSNH, pilar del progreso y desarrollo de Michoac\u00e1n y su gente: Julieta Garc\u00eda Zepeda - Reflejo de Michoac\u00e1n","isPartOf":{"@id":"https:\/\/reflejodemichoacan.com\/#website"},"primaryImageOfPage":{"@id":"https:\/\/reflejodemichoacan.com\/index.php\/2022\/10\/17\/umsnh-pilar-del-progreso-y-desarrollo-de-michoacan-y-su-gente-julieta-garcia-zepeda\/#primaryimage"},"datePublished":"2022-10-17T23:40:06+00:00","dateModified":"2022-10-17T23:40:11+00:00","author":{"@id":"https:\/\/reflejodemichoacan.com\/#\/schema\/person\/72d921e8fe99bd6e2e39bcde8995046f"},"breadcrumb":{"@id":"https:\/\/reflejodemichoacan.com\/index.php\/2022\/10\/17\/umsnh-pilar-del-progreso-y-desarrollo-de-michoacan-y-su-gente-julieta-garcia-zepeda\/#breadcrumb"},"inLanguage":"es-MX","potentialAction":[{"@type":"ReadAction","target":["https:\/\/reflejodemichoacan.com\/index.php\/2022\/10\/17\/umsnh-pilar-del-progreso-y-desarrollo-de-michoacan-y-su-gente-julieta-garcia-zepeda\/"]}]},{"@type":"BreadcrumbList","@id":"https:\/\/reflejodemichoacan.com\/index.php\/2022\/10\/17\/umsnh-pilar-del-progreso-y-desarrollo-de-michoacan-y-su-gente-julieta-garcia-zepeda\/#breadcrumb","itemListElement":[{"@type":"ListItem","position":1,"name":"Inicio","item":"https:\/\/reflejodemichoacan.com\/"},{"@type":"ListItem","position":2,"name":"UMSNH, pilar del progreso y desarrollo de Michoac\u00e1n y su gente: Julieta Garc\u00eda Zepeda"}]},{"@type":"Person","@id":"https:\/\/reflejodemichoacan.com\/#\/schema\/person\/72d921e8fe99bd6e2e39bcde8995046f","name":"Aurora","image":{"@type":"ImageObject","@id":"https:\/\/reflejodemichoacan.com\/#personlogo","inLanguage":"es-MX","url":"https:\/\/secure.gravatar.com\/avatar\/df5ceb9b998be27b25dd258a6b4b0a95?s=96&d=mm&r=g","contentUrl":"https:\/\/secure.gravatar.com\/avatar\/df5ceb9b998be27b25dd258a6b4b0a95?s=96&d=mm&r=g","caption":"Aurora"},"sameAs":["http:\/\/reflejodemichoacan.com"],"url":"https:\/\/reflejodemichoacan.com\/index.php\/author\/rixwm7qvsq\/"}]}},"_links":{"self":[{"href":"https:\/\/reflejodemichoacan.com\/index.php\/wp-json\/wp\/v2\/posts\/9985"}],"collection":[{"href":"https:\/\/reflejodemichoacan.com\/index.php\/wp-json\/wp\/v2\/posts"}],"about":[{"href":"https:\/\/reflejodemichoacan.com\/index.php\/wp-json\/wp\/v2\/types\/post"}],"author":[{"embeddable":true,"href":"https:\/\/reflejodemichoacan.com\/index.php\/wp-json\/wp\/v2\/users\/1"}],"replies":[{"embeddable":true,"href":"https:\/\/reflejodemichoacan.com\/index.php\/wp-json\/wp\/v2\/comments?post=9985"}],"version-history":[{"count":1,"href":"https:\/\/reflejodemichoacan.com\/index.php\/wp-json\/wp\/v2\/posts\/9985\/revisions"}],"predecessor-version":[{"id":9987,"href":"https:\/\/reflejodemichoacan.com\/index.php\/wp-json\/wp\/v2\/posts\/9985\/revisions\/9987"}],"wp:featuredmedia":[{"embeddable":true,"href":"https:\/\/reflejodemichoacan.com\/index.php\/wp-json\/wp\/v2\/media\/9986"}],"wp:attachment":[{"href":"https:\/\/reflejodemichoacan.com\/index.php\/wp-json\/wp\/v2\/media?parent=9985"}],"wp:term":[{"taxonomy":"category","embeddable":true,"href":"https:\/\/reflejodemichoacan.com\/index.php\/wp-json\/wp\/v2\/categories?post=9985"},{"taxonomy":"post_tag","embeddable":true,"href":"https:\/\/reflejodemichoacan.com\/index.php\/wp-json\/wp\/v2\/tags?post=9985"}],"curies":[{"name":"wp","href":"https:\/\/api.w.org\/{rel}","templated":true}]}}