{"id":9991,"date":"2022-10-17T23:46:39","date_gmt":"2022-10-17T23:46:39","guid":{"rendered":"https:\/\/reflejodemichoacan.com\/?p=9991"},"modified":"2022-10-17T23:46:43","modified_gmt":"2022-10-17T23:46:43","slug":"michoacan-da-pasos-claros-para-la-atencion-e-inclusion-de-las-personas-con-discapacidad-victor-zurita","status":"publish","type":"post","link":"https:\/\/reflejodemichoacan.com\/index.php\/2022\/10\/17\/michoacan-da-pasos-claros-para-la-atencion-e-inclusion-de-las-personas-con-discapacidad-victor-zurita\/","title":{"rendered":"Michoac\u00e1n da pasos claros para la atenci\u00f3n e inclusi\u00f3n de las personas con discapacidad: V\u00edctor Zurita"},"content":{"rendered":"\n<figure class=\"wp-block-table\"><table><tbody><tr><td>\u00a0<br>\u00a0-Celebr\u00f3 la firma del Fideicomiso con el Gobierno Federal, realizado este fin de semana por el gobernador Alfredo Ram\u00edrez Bedolla, el cual, cristalizar\u00e1 el financiamiento de las becas de personas con discapacidad en Michoac\u00e1n<br>MORELIA, MICH., 16 DE OCTUBRE DEL 2022.- Michoac\u00e1n da pasos claros para la atenci\u00f3n e inclusi\u00f3n de las personas con discapacidad, lo que representa una acci\u00f3n de justicia para un sector de la poblaci\u00f3n hist\u00f3ricamente excluido, recalc\u00f3 el diputado V\u00edctor Zurita Ortiz, presidente de la Comisi\u00f3n Especial de Atenci\u00f3n a Personas con Discapacidad de la LXXV Legislatura del Congreso del Estado.<br><br>El diputado integrante del Grupo Parlamentario de Morena, celebr\u00f3 la firma del Fideicomiso con el Gobierno Federal, realizado este fin de semana por el gobernador Alfredo Ram\u00edrez Bedolla, el cual, cristalizar\u00e1 el financiamiento de las becas de personas con discapacidad en Michoac\u00e1n de 30 a 64 a\u00f1os.<br><br>\u201cResulta de enorme relevancia para las personas con discapacidad, que los gobiernos Federal y Estatal, con una inversi\u00f3n bipartita por 140 millones de pesos, est\u00e9n operando en Michoac\u00e1n este importante programa que sin duda, era un pendiente hist\u00f3rico\u201d,<br><br>V\u00edctor Zurita record\u00f3 que desde mediados de a\u00f1o, el Programa fue echado a andar en el estado en su primera fase, apoyando a m\u00e1s de 25 mil personas con discapacidad en 64 municipios de la entidad, con la perspectiva de ampliar el n\u00famero de beneficiarios en todas las demarcaciones en 2023.<br><br>\u201cEste programa tan noble tiene como objetivo mejorar la calidad de vida de las personas con discapacidad permanente de 30 a 64 a\u00f1os de edad, que viven en el estado de Michoac\u00e1n, estado que, se encuentra por arriba de la media nacional del indicador de personas con discapacidad mayores de 55 a\u00f1os\u201d.<br><br>El legislador subray\u00f3 que para acceder a la beca es necesario presentar un certificado m\u00e9dico emitido por instancias p\u00fablicas de salud, en el que se exprese alguno de los cinco tipos de discapacidad que se consideran en las reglas de operaci\u00f3n: visual, auditiva, motriz, psicosocial e intelectual.<\/td><\/tr><tr><td><\/td><\/tr><\/tbody><\/table><\/figure>\n","protected":false},"excerpt":{"rendered":"<p>\u00a0\u00a0-Celebr\u00f3 la firma del Fideicomiso con el Gobierno Federal, realizado este fin de semana por el gobernador Alfredo Ram\u00edrez Bedolla, el cual, cristalizar\u00e1 el financiamiento de las becas de personas con discapacidad en Michoac\u00e1nMORELIA, MICH., 16 DE OCTUBRE DEL 2022.- Michoac\u00e1n da pasos claros para la atenci\u00f3n e inclusi\u00f3n de las personas con discapacidad, lo [&hellip;]<\/p>\n","protected":false},"author":1,"featured_media":9992,"comment_status":"open","ping_status":"closed","sticky":false,"template":"","format":"standard","meta":[],"categories":[1],"tags":[],"yoast_head":"<!-- This site is optimized with the Yoast SEO plugin v17.9 - https:\/\/yoast.com\/wordpress\/plugins\/seo\/ -->\n<title>Michoac\u00e1n da pasos claros para la atenci\u00f3n e inclusi\u00f3n de las personas con discapacidad: V\u00edctor Zurita - Reflejo de Michoac\u00e1n<\/title>\n<meta name=\"robots\" content=\"index, follow, max-snippet:-1, max-image-preview:large, max-video-preview:-1\" \/>\n<link rel=\"canonical\" href=\"https:\/\/reflejodemichoacan.com\/index.php\/2022\/10\/17\/michoacan-da-pasos-claros-para-la-atencion-e-inclusion-de-las-personas-con-discapacidad-victor-zurita\/\" \/>\n<meta property=\"og:locale\" content=\"es_MX\" \/>\n<meta property=\"og:type\" content=\"article\" \/>\n<meta property=\"og:title\" content=\"Michoac\u00e1n da pasos claros para la atenci\u00f3n e inclusi\u00f3n de las personas con discapacidad: V\u00edctor Zurita - Reflejo de Michoac\u00e1n\" \/>\n<meta property=\"og:description\" content=\"\u00a0\u00a0-Celebr\u00f3 la firma del Fideicomiso con el Gobierno Federal, realizado este fin de semana por el gobernador Alfredo Ram\u00edrez Bedolla, el cual, cristalizar\u00e1 el financiamiento de las becas de personas con discapacidad en Michoac\u00e1nMORELIA, MICH., 16 DE OCTUBRE DEL 2022.- Michoac\u00e1n da pasos claros para la atenci\u00f3n e inclusi\u00f3n de las personas con discapacidad, lo [&hellip;]\" \/>\n<meta property=\"og:url\" content=\"https:\/\/reflejodemichoacan.com\/index.php\/2022\/10\/17\/michoacan-da-pasos-claros-para-la-atencion-e-inclusion-de-las-personas-con-discapacidad-victor-zurita\/\" \/>\n<meta property=\"og:site_name\" content=\"Reflejo de Michoac\u00e1n\" \/>\n<meta property=\"article:published_time\" content=\"2022-10-17T23:46:39+00:00\" \/>\n<meta property=\"article:modified_time\" content=\"2022-10-17T23:46:43+00:00\" \/>\n<meta property=\"og:image\" content=\"https:\/\/reflejodemichoacan.com\/wp-content\/uploads\/2022\/10\/mICHOACAN-DA.jpg\" \/>\n\t<meta property=\"og:image:width\" content=\"720\" \/>\n\t<meta property=\"og:image:height\" content=\"473\" \/>\n\t<meta property=\"og:image:type\" content=\"image\/jpeg\" \/>\n<meta name=\"twitter:card\" content=\"summary_large_image\" \/>\n<meta name=\"twitter:label1\" content=\"Escrito por\" \/>\n\t<meta name=\"twitter:data1\" content=\"Aurora\" \/>\n\t<meta name=\"twitter:label2\" content=\"Tiempo de lectura\" \/>\n\t<meta name=\"twitter:data2\" content=\"2 minutos\" \/>\n<script type=\"application\/ld+json\" class=\"yoast-schema-graph\">{\"@context\":\"https:\/\/schema.org\",\"@graph\":[{\"@type\":\"WebSite\",\"@id\":\"https:\/\/reflejodemichoacan.com\/#website\",\"url\":\"https:\/\/reflejodemichoacan.com\/\",\"name\":\"Reflejo de Michoac\\u00e1n\",\"description\":\"Medio de comunicaci\\u00f3n impreso y digital al servicio de la regi\\u00f3n lacustre y Michoac\\u00e1n.\",\"potentialAction\":[{\"@type\":\"SearchAction\",\"target\":{\"@type\":\"EntryPoint\",\"urlTemplate\":\"https:\/\/reflejodemichoacan.com\/?s={search_term_string}\"},\"query-input\":\"required name=search_term_string\"}],\"inLanguage\":\"es-MX\"},{\"@type\":\"ImageObject\",\"@id\":\"https:\/\/reflejodemichoacan.com\/index.php\/2022\/10\/17\/michoacan-da-pasos-claros-para-la-atencion-e-inclusion-de-las-personas-con-discapacidad-victor-zurita\/#primaryimage\",\"inLanguage\":\"es-MX\",\"url\":\"https:\/\/reflejodemichoacan.com\/wp-content\/uploads\/2022\/10\/mICHOACAN-DA.jpg\",\"contentUrl\":\"https:\/\/reflejodemichoacan.com\/wp-content\/uploads\/2022\/10\/mICHOACAN-DA.jpg\",\"width\":720,\"height\":473},{\"@type\":\"WebPage\",\"@id\":\"https:\/\/reflejodemichoacan.com\/index.php\/2022\/10\/17\/michoacan-da-pasos-claros-para-la-atencion-e-inclusion-de-las-personas-con-discapacidad-victor-zurita\/#webpage\",\"url\":\"https:\/\/reflejodemichoacan.com\/index.php\/2022\/10\/17\/michoacan-da-pasos-claros-para-la-atencion-e-inclusion-de-las-personas-con-discapacidad-victor-zurita\/\",\"name\":\"Michoac\\u00e1n da pasos claros para la atenci\\u00f3n e inclusi\\u00f3n de las personas con discapacidad: V\\u00edctor Zurita - Reflejo de Michoac\\u00e1n\",\"isPartOf\":{\"@id\":\"https:\/\/reflejodemichoacan.com\/#website\"},\"primaryImageOfPage\":{\"@id\":\"https:\/\/reflejodemichoacan.com\/index.php\/2022\/10\/17\/michoacan-da-pasos-claros-para-la-atencion-e-inclusion-de-las-personas-con-discapacidad-victor-zurita\/#primaryimage\"},\"datePublished\":\"2022-10-17T23:46:39+00:00\",\"dateModified\":\"2022-10-17T23:46:43+00:00\",\"author\":{\"@id\":\"https:\/\/reflejodemichoacan.com\/#\/schema\/person\/72d921e8fe99bd6e2e39bcde8995046f\"},\"breadcrumb\":{\"@id\":\"https:\/\/reflejodemichoacan.com\/index.php\/2022\/10\/17\/michoacan-da-pasos-claros-para-la-atencion-e-inclusion-de-las-personas-con-discapacidad-victor-zurita\/#breadcrumb\"},\"inLanguage\":\"es-MX\",\"potentialAction\":[{\"@type\":\"ReadAction\",\"target\":[\"https:\/\/reflejodemichoacan.com\/index.php\/2022\/10\/17\/michoacan-da-pasos-claros-para-la-atencion-e-inclusion-de-las-personas-con-discapacidad-victor-zurita\/\"]}]},{\"@type\":\"BreadcrumbList\",\"@id\":\"https:\/\/reflejodemichoacan.com\/index.php\/2022\/10\/17\/michoacan-da-pasos-claros-para-la-atencion-e-inclusion-de-las-personas-con-discapacidad-victor-zurita\/#breadcrumb\",\"itemListElement\":[{\"@type\":\"ListItem\",\"position\":1,\"name\":\"Inicio\",\"item\":\"https:\/\/reflejodemichoacan.com\/\"},{\"@type\":\"ListItem\",\"position\":2,\"name\":\"Michoac\\u00e1n da pasos claros para la atenci\\u00f3n e inclusi\\u00f3n de las personas con discapacidad: V\\u00edctor Zurita\"}]},{\"@type\":\"Person\",\"@id\":\"https:\/\/reflejodemichoacan.com\/#\/schema\/person\/72d921e8fe99bd6e2e39bcde8995046f\",\"name\":\"Aurora\",\"image\":{\"@type\":\"ImageObject\",\"@id\":\"https:\/\/reflejodemichoacan.com\/#personlogo\",\"inLanguage\":\"es-MX\",\"url\":\"https:\/\/secure.gravatar.com\/avatar\/df5ceb9b998be27b25dd258a6b4b0a95?s=96&d=mm&r=g\",\"contentUrl\":\"https:\/\/secure.gravatar.com\/avatar\/df5ceb9b998be27b25dd258a6b4b0a95?s=96&d=mm&r=g\",\"caption\":\"Aurora\"},\"sameAs\":[\"http:\/\/reflejodemichoacan.com\"],\"url\":\"https:\/\/reflejodemichoacan.com\/index.php\/author\/rixwm7qvsq\/\"}]}<\/script>\n<!-- \/ Yoast SEO plugin. -->","yoast_head_json":{"title":"Michoac\u00e1n da pasos claros para la atenci\u00f3n e inclusi\u00f3n de las personas con discapacidad: V\u00edctor Zurita - Reflejo de Michoac\u00e1n","robots":{"index":"index","follow":"follow","max-snippet":"max-snippet:-1","max-image-preview":"max-image-preview:large","max-video-preview":"max-video-preview:-1"},"canonical":"https:\/\/reflejodemichoacan.com\/index.php\/2022\/10\/17\/michoacan-da-pasos-claros-para-la-atencion-e-inclusion-de-las-personas-con-discapacidad-victor-zurita\/","og_locale":"es_MX","og_type":"article","og_title":"Michoac\u00e1n da pasos claros para la atenci\u00f3n e inclusi\u00f3n de las personas con discapacidad: V\u00edctor Zurita - Reflejo de Michoac\u00e1n","og_description":"\u00a0\u00a0-Celebr\u00f3 la firma del Fideicomiso con el Gobierno Federal, realizado este fin de semana por el gobernador Alfredo Ram\u00edrez Bedolla, el cual, cristalizar\u00e1 el financiamiento de las becas de personas con discapacidad en Michoac\u00e1nMORELIA, MICH., 16 DE OCTUBRE DEL 2022.- Michoac\u00e1n da pasos claros para la atenci\u00f3n e inclusi\u00f3n de las personas con discapacidad, lo [&hellip;]","og_url":"https:\/\/reflejodemichoacan.com\/index.php\/2022\/10\/17\/michoacan-da-pasos-claros-para-la-atencion-e-inclusion-de-las-personas-con-discapacidad-victor-zurita\/","og_site_name":"Reflejo de Michoac\u00e1n","article_published_time":"2022-10-17T23:46:39+00:00","article_modified_time":"2022-10-17T23:46:43+00:00","og_image":[{"width":720,"height":473,"url":"https:\/\/reflejodemichoacan.com\/wp-content\/uploads\/2022\/10\/mICHOACAN-DA.jpg","type":"image\/jpeg"}],"twitter_card":"summary_large_image","twitter_misc":{"Escrito por":"Aurora","Tiempo de lectura":"2 minutos"},"schema":{"@context":"https:\/\/schema.org","@graph":[{"@type":"WebSite","@id":"https:\/\/reflejodemichoacan.com\/#website","url":"https:\/\/reflejodemichoacan.com\/","name":"Reflejo de Michoac\u00e1n","description":"Medio de comunicaci\u00f3n impreso y digital al servicio de la regi\u00f3n lacustre y Michoac\u00e1n.","potentialAction":[{"@type":"SearchAction","target":{"@type":"EntryPoint","urlTemplate":"https:\/\/reflejodemichoacan.com\/?s={search_term_string}"},"query-input":"required name=search_term_string"}],"inLanguage":"es-MX"},{"@type":"ImageObject","@id":"https:\/\/reflejodemichoacan.com\/index.php\/2022\/10\/17\/michoacan-da-pasos-claros-para-la-atencion-e-inclusion-de-las-personas-con-discapacidad-victor-zurita\/#primaryimage","inLanguage":"es-MX","url":"https:\/\/reflejodemichoacan.com\/wp-content\/uploads\/2022\/10\/mICHOACAN-DA.jpg","contentUrl":"https:\/\/reflejodemichoacan.com\/wp-content\/uploads\/2022\/10\/mICHOACAN-DA.jpg","width":720,"height":473},{"@type":"WebPage","@id":"https:\/\/reflejodemichoacan.com\/index.php\/2022\/10\/17\/michoacan-da-pasos-claros-para-la-atencion-e-inclusion-de-las-personas-con-discapacidad-victor-zurita\/#webpage","url":"https:\/\/reflejodemichoacan.com\/index.php\/2022\/10\/17\/michoacan-da-pasos-claros-para-la-atencion-e-inclusion-de-las-personas-con-discapacidad-victor-zurita\/","name":"Michoac\u00e1n da pasos claros para la atenci\u00f3n e inclusi\u00f3n de las personas con discapacidad: V\u00edctor Zurita - Reflejo de Michoac\u00e1n","isPartOf":{"@id":"https:\/\/reflejodemichoacan.com\/#website"},"primaryImageOfPage":{"@id":"https:\/\/reflejodemichoacan.com\/index.php\/2022\/10\/17\/michoacan-da-pasos-claros-para-la-atencion-e-inclusion-de-las-personas-con-discapacidad-victor-zurita\/#primaryimage"},"datePublished":"2022-10-17T23:46:39+00:00","dateModified":"2022-10-17T23:46:43+00:00","author":{"@id":"https:\/\/reflejodemichoacan.com\/#\/schema\/person\/72d921e8fe99bd6e2e39bcde8995046f"},"breadcrumb":{"@id":"https:\/\/reflejodemichoacan.com\/index.php\/2022\/10\/17\/michoacan-da-pasos-claros-para-la-atencion-e-inclusion-de-las-personas-con-discapacidad-victor-zurita\/#breadcrumb"},"inLanguage":"es-MX","potentialAction":[{"@type":"ReadAction","target":["https:\/\/reflejodemichoacan.com\/index.php\/2022\/10\/17\/michoacan-da-pasos-claros-para-la-atencion-e-inclusion-de-las-personas-con-discapacidad-victor-zurita\/"]}]},{"@type":"BreadcrumbList","@id":"https:\/\/reflejodemichoacan.com\/index.php\/2022\/10\/17\/michoacan-da-pasos-claros-para-la-atencion-e-inclusion-de-las-personas-con-discapacidad-victor-zurita\/#breadcrumb","itemListElement":[{"@type":"ListItem","position":1,"name":"Inicio","item":"https:\/\/reflejodemichoacan.com\/"},{"@type":"ListItem","position":2,"name":"Michoac\u00e1n da pasos claros para la atenci\u00f3n e inclusi\u00f3n de las personas con discapacidad: V\u00edctor Zurita"}]},{"@type":"Person","@id":"https:\/\/reflejodemichoacan.com\/#\/schema\/person\/72d921e8fe99bd6e2e39bcde8995046f","name":"Aurora","image":{"@type":"ImageObject","@id":"https:\/\/reflejodemichoacan.com\/#personlogo","inLanguage":"es-MX","url":"https:\/\/secure.gravatar.com\/avatar\/df5ceb9b998be27b25dd258a6b4b0a95?s=96&d=mm&r=g","contentUrl":"https:\/\/secure.gravatar.com\/avatar\/df5ceb9b998be27b25dd258a6b4b0a95?s=96&d=mm&r=g","caption":"Aurora"},"sameAs":["http:\/\/reflejodemichoacan.com"],"url":"https:\/\/reflejodemichoacan.com\/index.php\/author\/rixwm7qvsq\/"}]}},"_links":{"self":[{"href":"https:\/\/reflejodemichoacan.com\/index.php\/wp-json\/wp\/v2\/posts\/9991"}],"collection":[{"href":"https:\/\/reflejodemichoacan.com\/index.php\/wp-json\/wp\/v2\/posts"}],"about":[{"href":"https:\/\/reflejodemichoacan.com\/index.php\/wp-json\/wp\/v2\/types\/post"}],"author":[{"embeddable":true,"href":"https:\/\/reflejodemichoacan.com\/index.php\/wp-json\/wp\/v2\/users\/1"}],"replies":[{"embeddable":true,"href":"https:\/\/reflejodemichoacan.com\/index.php\/wp-json\/wp\/v2\/comments?post=9991"}],"version-history":[{"count":1,"href":"https:\/\/reflejodemichoacan.com\/index.php\/wp-json\/wp\/v2\/posts\/9991\/revisions"}],"predecessor-version":[{"id":9993,"href":"https:\/\/reflejodemichoacan.com\/index.php\/wp-json\/wp\/v2\/posts\/9991\/revisions\/9993"}],"wp:featuredmedia":[{"embeddable":true,"href":"https:\/\/reflejodemichoacan.com\/index.php\/wp-json\/wp\/v2\/media\/9992"}],"wp:attachment":[{"href":"https:\/\/reflejodemichoacan.com\/index.php\/wp-json\/wp\/v2\/media?parent=9991"}],"wp:term":[{"taxonomy":"category","embeddable":true,"href":"https:\/\/reflejodemichoacan.com\/index.php\/wp-json\/wp\/v2\/categories?post=9991"},{"taxonomy":"post_tag","embeddable":true,"href":"https:\/\/reflejodemichoacan.com\/index.php\/wp-json\/wp\/v2\/tags?post=9991"}],"curies":[{"name":"wp","href":"https:\/\/api.w.org\/{rel}","templated":true}]}}