{"id":9997,"date":"2022-10-18T00:28:07","date_gmt":"2022-10-18T00:28:07","guid":{"rendered":"https:\/\/reflejodemichoacan.com\/?p=9997"},"modified":"2022-10-18T00:28:10","modified_gmt":"2022-10-18T00:28:10","slug":"sueno-cumplido-regresa-el-segundo-grupo-de-corazones-mensajeros-de-salvador-escalante","status":"publish","type":"post","link":"https:\/\/reflejodemichoacan.com\/index.php\/2022\/10\/18\/sueno-cumplido-regresa-el-segundo-grupo-de-corazones-mensajeros-de-salvador-escalante\/","title":{"rendered":"Sue\u00f1o cumplido, regresa el segundo grupo de &#8220;Corazones Mensajeros&#8221; de Salvador Escalante."},"content":{"rendered":"\n<p>*Una maleta repleta de historias vividas los acompa\u00f1a.<\/p>\n\n\n\n<p>El segundo grupo de &#8221; Corazones Mensajeros&#8221; de Salvador Escalante retornaron a sus hogares, despu\u00e9s de haber pasado varios d\u00edas de visita a sus familiares en USA, felices regresaron con sus sue\u00f1os cumplidos y una maleta llena de historias para contar.<\/p>\n\n\n\n<p>Con la felicidad a flor de piel agradecieron a la alcaldesa municipal Araceli Saucedo Reyes, haberlos apoyado para cumplir sus sue\u00f1o de visitar a sus hijos, hijas, nietos, tataranietos, nueras, yernos etc, a quienes ten\u00edan muchas d\u00e9cadas sin ver.<\/p>\n\n\n\n<p>Resaltaron la nobleza del programa de reuni\u00f3n familiar migrante que opera el H. Ayuntamiento de Salvador Escalante, e invitaron&nbsp; a m\u00e1s personas para que hagan sus sue\u00f1os realidad.<\/p>\n\n\n\n<p>El programa &#8220;Corazones Mensajeros&#8221;, es un programa municipal de reunificaci\u00f3n familiar migrante, que gracias a la alcaldesa ha ayudado a muchos adultos mayores a cruzar la frontera de manera legal para ver a sus familiares que se encuentran en Estados Unidos de Norteam\u00e9rica de manera ilegal.<\/p>\n","protected":false},"excerpt":{"rendered":"<p>*Una maleta repleta de historias vividas los acompa\u00f1a. El segundo grupo de &#8221; Corazones Mensajeros&#8221; de Salvador Escalante retornaron a sus hogares, despu\u00e9s de haber pasado varios d\u00edas de visita a sus familiares en USA, felices regresaron con sus sue\u00f1os cumplidos y una maleta llena de historias para contar. Con la felicidad a flor de [&hellip;]<\/p>\n","protected":false},"author":1,"featured_media":9998,"comment_status":"open","ping_status":"closed","sticky":false,"template":"","format":"standard","meta":[],"categories":[1],"tags":[],"yoast_head":"<!-- This site is optimized with the Yoast SEO plugin v17.9 - https:\/\/yoast.com\/wordpress\/plugins\/seo\/ -->\n<title>Sue\u00f1o cumplido, regresa el segundo grupo de &quot;Corazones Mensajeros&quot; de Salvador Escalante. - Reflejo de Michoac\u00e1n<\/title>\n<meta name=\"robots\" content=\"index, follow, max-snippet:-1, max-image-preview:large, max-video-preview:-1\" \/>\n<link rel=\"canonical\" href=\"https:\/\/reflejodemichoacan.com\/index.php\/2022\/10\/18\/sueno-cumplido-regresa-el-segundo-grupo-de-corazones-mensajeros-de-salvador-escalante\/\" \/>\n<meta property=\"og:locale\" content=\"es_MX\" \/>\n<meta property=\"og:type\" content=\"article\" \/>\n<meta property=\"og:title\" content=\"Sue\u00f1o cumplido, regresa el segundo grupo de &quot;Corazones Mensajeros&quot; de Salvador Escalante. - Reflejo de Michoac\u00e1n\" \/>\n<meta property=\"og:description\" content=\"*Una maleta repleta de historias vividas los acompa\u00f1a. El segundo grupo de &#8221; Corazones Mensajeros&#8221; de Salvador Escalante retornaron a sus hogares, despu\u00e9s de haber pasado varios d\u00edas de visita a sus familiares en USA, felices regresaron con sus sue\u00f1os cumplidos y una maleta llena de historias para contar. Con la felicidad a flor de [&hellip;]\" \/>\n<meta property=\"og:url\" content=\"https:\/\/reflejodemichoacan.com\/index.php\/2022\/10\/18\/sueno-cumplido-regresa-el-segundo-grupo-de-corazones-mensajeros-de-salvador-escalante\/\" \/>\n<meta property=\"og:site_name\" content=\"Reflejo de Michoac\u00e1n\" \/>\n<meta property=\"article:published_time\" content=\"2022-10-18T00:28:07+00:00\" \/>\n<meta property=\"article:modified_time\" content=\"2022-10-18T00:28:10+00:00\" \/>\n<meta property=\"og:image\" content=\"https:\/\/reflejodemichoacan.com\/wp-content\/uploads\/2022\/10\/Sueno.jpg\" \/>\n\t<meta property=\"og:image:width\" content=\"1080\" \/>\n\t<meta property=\"og:image:height\" content=\"486\" \/>\n\t<meta property=\"og:image:type\" content=\"image\/jpeg\" \/>\n<meta name=\"twitter:card\" content=\"summary_large_image\" \/>\n<meta name=\"twitter:label1\" content=\"Escrito por\" \/>\n\t<meta name=\"twitter:data1\" content=\"Aurora\" \/>\n\t<meta name=\"twitter:label2\" content=\"Tiempo de lectura\" \/>\n\t<meta name=\"twitter:data2\" content=\"1 minuto\" \/>\n<script type=\"application\/ld+json\" class=\"yoast-schema-graph\">{\"@context\":\"https:\/\/schema.org\",\"@graph\":[{\"@type\":\"WebSite\",\"@id\":\"https:\/\/reflejodemichoacan.com\/#website\",\"url\":\"https:\/\/reflejodemichoacan.com\/\",\"name\":\"Reflejo de Michoac\\u00e1n\",\"description\":\"Medio de comunicaci\\u00f3n impreso y digital al servicio de la regi\\u00f3n lacustre y Michoac\\u00e1n.\",\"potentialAction\":[{\"@type\":\"SearchAction\",\"target\":{\"@type\":\"EntryPoint\",\"urlTemplate\":\"https:\/\/reflejodemichoacan.com\/?s={search_term_string}\"},\"query-input\":\"required name=search_term_string\"}],\"inLanguage\":\"es-MX\"},{\"@type\":\"ImageObject\",\"@id\":\"https:\/\/reflejodemichoacan.com\/index.php\/2022\/10\/18\/sueno-cumplido-regresa-el-segundo-grupo-de-corazones-mensajeros-de-salvador-escalante\/#primaryimage\",\"inLanguage\":\"es-MX\",\"url\":\"https:\/\/reflejodemichoacan.com\/wp-content\/uploads\/2022\/10\/Sueno.jpg\",\"contentUrl\":\"https:\/\/reflejodemichoacan.com\/wp-content\/uploads\/2022\/10\/Sueno.jpg\",\"width\":1080,\"height\":486},{\"@type\":\"WebPage\",\"@id\":\"https:\/\/reflejodemichoacan.com\/index.php\/2022\/10\/18\/sueno-cumplido-regresa-el-segundo-grupo-de-corazones-mensajeros-de-salvador-escalante\/#webpage\",\"url\":\"https:\/\/reflejodemichoacan.com\/index.php\/2022\/10\/18\/sueno-cumplido-regresa-el-segundo-grupo-de-corazones-mensajeros-de-salvador-escalante\/\",\"name\":\"Sue\\u00f1o cumplido, regresa el segundo grupo de \\\"Corazones Mensajeros\\\" de Salvador Escalante. - Reflejo de Michoac\\u00e1n\",\"isPartOf\":{\"@id\":\"https:\/\/reflejodemichoacan.com\/#website\"},\"primaryImageOfPage\":{\"@id\":\"https:\/\/reflejodemichoacan.com\/index.php\/2022\/10\/18\/sueno-cumplido-regresa-el-segundo-grupo-de-corazones-mensajeros-de-salvador-escalante\/#primaryimage\"},\"datePublished\":\"2022-10-18T00:28:07+00:00\",\"dateModified\":\"2022-10-18T00:28:10+00:00\",\"author\":{\"@id\":\"https:\/\/reflejodemichoacan.com\/#\/schema\/person\/72d921e8fe99bd6e2e39bcde8995046f\"},\"breadcrumb\":{\"@id\":\"https:\/\/reflejodemichoacan.com\/index.php\/2022\/10\/18\/sueno-cumplido-regresa-el-segundo-grupo-de-corazones-mensajeros-de-salvador-escalante\/#breadcrumb\"},\"inLanguage\":\"es-MX\",\"potentialAction\":[{\"@type\":\"ReadAction\",\"target\":[\"https:\/\/reflejodemichoacan.com\/index.php\/2022\/10\/18\/sueno-cumplido-regresa-el-segundo-grupo-de-corazones-mensajeros-de-salvador-escalante\/\"]}]},{\"@type\":\"BreadcrumbList\",\"@id\":\"https:\/\/reflejodemichoacan.com\/index.php\/2022\/10\/18\/sueno-cumplido-regresa-el-segundo-grupo-de-corazones-mensajeros-de-salvador-escalante\/#breadcrumb\",\"itemListElement\":[{\"@type\":\"ListItem\",\"position\":1,\"name\":\"Inicio\",\"item\":\"https:\/\/reflejodemichoacan.com\/\"},{\"@type\":\"ListItem\",\"position\":2,\"name\":\"Sue\\u00f1o cumplido, regresa el segundo grupo de &#8220;Corazones Mensajeros&#8221; de Salvador Escalante.\"}]},{\"@type\":\"Person\",\"@id\":\"https:\/\/reflejodemichoacan.com\/#\/schema\/person\/72d921e8fe99bd6e2e39bcde8995046f\",\"name\":\"Aurora\",\"image\":{\"@type\":\"ImageObject\",\"@id\":\"https:\/\/reflejodemichoacan.com\/#personlogo\",\"inLanguage\":\"es-MX\",\"url\":\"https:\/\/secure.gravatar.com\/avatar\/df5ceb9b998be27b25dd258a6b4b0a95?s=96&d=mm&r=g\",\"contentUrl\":\"https:\/\/secure.gravatar.com\/avatar\/df5ceb9b998be27b25dd258a6b4b0a95?s=96&d=mm&r=g\",\"caption\":\"Aurora\"},\"sameAs\":[\"http:\/\/reflejodemichoacan.com\"],\"url\":\"https:\/\/reflejodemichoacan.com\/index.php\/author\/rixwm7qvsq\/\"}]}<\/script>\n<!-- \/ Yoast SEO plugin. -->","yoast_head_json":{"title":"Sue\u00f1o cumplido, regresa el segundo grupo de \"Corazones Mensajeros\" de Salvador Escalante. - Reflejo de Michoac\u00e1n","robots":{"index":"index","follow":"follow","max-snippet":"max-snippet:-1","max-image-preview":"max-image-preview:large","max-video-preview":"max-video-preview:-1"},"canonical":"https:\/\/reflejodemichoacan.com\/index.php\/2022\/10\/18\/sueno-cumplido-regresa-el-segundo-grupo-de-corazones-mensajeros-de-salvador-escalante\/","og_locale":"es_MX","og_type":"article","og_title":"Sue\u00f1o cumplido, regresa el segundo grupo de \"Corazones Mensajeros\" de Salvador Escalante. - Reflejo de Michoac\u00e1n","og_description":"*Una maleta repleta de historias vividas los acompa\u00f1a. El segundo grupo de &#8221; Corazones Mensajeros&#8221; de Salvador Escalante retornaron a sus hogares, despu\u00e9s de haber pasado varios d\u00edas de visita a sus familiares en USA, felices regresaron con sus sue\u00f1os cumplidos y una maleta llena de historias para contar. Con la felicidad a flor de [&hellip;]","og_url":"https:\/\/reflejodemichoacan.com\/index.php\/2022\/10\/18\/sueno-cumplido-regresa-el-segundo-grupo-de-corazones-mensajeros-de-salvador-escalante\/","og_site_name":"Reflejo de Michoac\u00e1n","article_published_time":"2022-10-18T00:28:07+00:00","article_modified_time":"2022-10-18T00:28:10+00:00","og_image":[{"width":1080,"height":486,"url":"https:\/\/reflejodemichoacan.com\/wp-content\/uploads\/2022\/10\/Sueno.jpg","type":"image\/jpeg"}],"twitter_card":"summary_large_image","twitter_misc":{"Escrito por":"Aurora","Tiempo de lectura":"1 minuto"},"schema":{"@context":"https:\/\/schema.org","@graph":[{"@type":"WebSite","@id":"https:\/\/reflejodemichoacan.com\/#website","url":"https:\/\/reflejodemichoacan.com\/","name":"Reflejo de Michoac\u00e1n","description":"Medio de comunicaci\u00f3n impreso y digital al servicio de la regi\u00f3n lacustre y Michoac\u00e1n.","potentialAction":[{"@type":"SearchAction","target":{"@type":"EntryPoint","urlTemplate":"https:\/\/reflejodemichoacan.com\/?s={search_term_string}"},"query-input":"required name=search_term_string"}],"inLanguage":"es-MX"},{"@type":"ImageObject","@id":"https:\/\/reflejodemichoacan.com\/index.php\/2022\/10\/18\/sueno-cumplido-regresa-el-segundo-grupo-de-corazones-mensajeros-de-salvador-escalante\/#primaryimage","inLanguage":"es-MX","url":"https:\/\/reflejodemichoacan.com\/wp-content\/uploads\/2022\/10\/Sueno.jpg","contentUrl":"https:\/\/reflejodemichoacan.com\/wp-content\/uploads\/2022\/10\/Sueno.jpg","width":1080,"height":486},{"@type":"WebPage","@id":"https:\/\/reflejodemichoacan.com\/index.php\/2022\/10\/18\/sueno-cumplido-regresa-el-segundo-grupo-de-corazones-mensajeros-de-salvador-escalante\/#webpage","url":"https:\/\/reflejodemichoacan.com\/index.php\/2022\/10\/18\/sueno-cumplido-regresa-el-segundo-grupo-de-corazones-mensajeros-de-salvador-escalante\/","name":"Sue\u00f1o cumplido, regresa el segundo grupo de \"Corazones Mensajeros\" de Salvador Escalante. - Reflejo de Michoac\u00e1n","isPartOf":{"@id":"https:\/\/reflejodemichoacan.com\/#website"},"primaryImageOfPage":{"@id":"https:\/\/reflejodemichoacan.com\/index.php\/2022\/10\/18\/sueno-cumplido-regresa-el-segundo-grupo-de-corazones-mensajeros-de-salvador-escalante\/#primaryimage"},"datePublished":"2022-10-18T00:28:07+00:00","dateModified":"2022-10-18T00:28:10+00:00","author":{"@id":"https:\/\/reflejodemichoacan.com\/#\/schema\/person\/72d921e8fe99bd6e2e39bcde8995046f"},"breadcrumb":{"@id":"https:\/\/reflejodemichoacan.com\/index.php\/2022\/10\/18\/sueno-cumplido-regresa-el-segundo-grupo-de-corazones-mensajeros-de-salvador-escalante\/#breadcrumb"},"inLanguage":"es-MX","potentialAction":[{"@type":"ReadAction","target":["https:\/\/reflejodemichoacan.com\/index.php\/2022\/10\/18\/sueno-cumplido-regresa-el-segundo-grupo-de-corazones-mensajeros-de-salvador-escalante\/"]}]},{"@type":"BreadcrumbList","@id":"https:\/\/reflejodemichoacan.com\/index.php\/2022\/10\/18\/sueno-cumplido-regresa-el-segundo-grupo-de-corazones-mensajeros-de-salvador-escalante\/#breadcrumb","itemListElement":[{"@type":"ListItem","position":1,"name":"Inicio","item":"https:\/\/reflejodemichoacan.com\/"},{"@type":"ListItem","position":2,"name":"Sue\u00f1o cumplido, regresa el segundo grupo de &#8220;Corazones Mensajeros&#8221; de Salvador Escalante."}]},{"@type":"Person","@id":"https:\/\/reflejodemichoacan.com\/#\/schema\/person\/72d921e8fe99bd6e2e39bcde8995046f","name":"Aurora","image":{"@type":"ImageObject","@id":"https:\/\/reflejodemichoacan.com\/#personlogo","inLanguage":"es-MX","url":"https:\/\/secure.gravatar.com\/avatar\/df5ceb9b998be27b25dd258a6b4b0a95?s=96&d=mm&r=g","contentUrl":"https:\/\/secure.gravatar.com\/avatar\/df5ceb9b998be27b25dd258a6b4b0a95?s=96&d=mm&r=g","caption":"Aurora"},"sameAs":["http:\/\/reflejodemichoacan.com"],"url":"https:\/\/reflejodemichoacan.com\/index.php\/author\/rixwm7qvsq\/"}]}},"_links":{"self":[{"href":"https:\/\/reflejodemichoacan.com\/index.php\/wp-json\/wp\/v2\/posts\/9997"}],"collection":[{"href":"https:\/\/reflejodemichoacan.com\/index.php\/wp-json\/wp\/v2\/posts"}],"about":[{"href":"https:\/\/reflejodemichoacan.com\/index.php\/wp-json\/wp\/v2\/types\/post"}],"author":[{"embeddable":true,"href":"https:\/\/reflejodemichoacan.com\/index.php\/wp-json\/wp\/v2\/users\/1"}],"replies":[{"embeddable":true,"href":"https:\/\/reflejodemichoacan.com\/index.php\/wp-json\/wp\/v2\/comments?post=9997"}],"version-history":[{"count":1,"href":"https:\/\/reflejodemichoacan.com\/index.php\/wp-json\/wp\/v2\/posts\/9997\/revisions"}],"predecessor-version":[{"id":9999,"href":"https:\/\/reflejodemichoacan.com\/index.php\/wp-json\/wp\/v2\/posts\/9997\/revisions\/9999"}],"wp:featuredmedia":[{"embeddable":true,"href":"https:\/\/reflejodemichoacan.com\/index.php\/wp-json\/wp\/v2\/media\/9998"}],"wp:attachment":[{"href":"https:\/\/reflejodemichoacan.com\/index.php\/wp-json\/wp\/v2\/media?parent=9997"}],"wp:term":[{"taxonomy":"category","embeddable":true,"href":"https:\/\/reflejodemichoacan.com\/index.php\/wp-json\/wp\/v2\/categories?post=9997"},{"taxonomy":"post_tag","embeddable":true,"href":"https:\/\/reflejodemichoacan.com\/index.php\/wp-json\/wp\/v2\/tags?post=9997"}],"curies":[{"name":"wp","href":"https:\/\/api.w.org\/{rel}","templated":true}]}}